{"id":25358,"date":"2021-03-31T08:30:34","date_gmt":"2021-03-31T14:30:34","guid":{"rendered":"http:\/\/www.zonaroja.com.mx\/?p=25358"},"modified":"2021-03-31T08:30:38","modified_gmt":"2021-03-31T14:30:38","slug":"enganan-los-sso-a-inconformes-sigue-el-paro-de-labores","status":"publish","type":"post","link":"https:\/\/zonaroja.com.mx\/?p=25358","title":{"rendered":"Enga\u00f1an los SSO a inconformes; sigue el paro de labores"},"content":{"rendered":"\n<p>Redacci\u00f3n\/Zona Roja.<\/p>\n\n\n\n<p>Oaxaca de Ju\u00e1rez, Oax., 31 de marzo de 2021.- Pese a que este martes prometi\u00f3 atender y resolver la problem\u00e1tica, el titular de los Servicios de Salud de Oaxaca (SSO), Juan Carlos M\u00e1rquez Heine, enga\u00f1\u00f3 a los trabajadores.<\/p>\n\n\n\n<p>Por ello, ante la cerraz\u00f3n del funcionario, el Sindicato Independiente de Trabajadores del Sector Salud (SITSS) anunci\u00f3 hoy que continuar\u00e1 el \u201cplant\u00f3n\u201d en las sedes de la dependencia en la capital del estado.<\/p>\n\n\n\n<p>Este mi\u00e9rcoles inicia el d\u00eda 23 de bloqueo a la sede de los SSO en la calle J. P. Garc\u00eda y en la avenida Independencia, en el Centro Hist\u00f3rico de la ciudad de Oaxaca, as\u00ed como en dos oficinas administrativas ubicadas en la colonia Reforma.<\/p>\n\n\n\n<p>De acuerdo con la secretaria General del gremio, Mar\u00eda del Carmen Noriega, a pesar de que la instituci\u00f3n reconoce que son leg\u00edtimos los reclamos, a\u00fan se niega a recontratar a 149 empleados del extinto Seguro Popular.<\/p>\n\n\n\n<p>Record\u00f3 que desde el a\u00f1o pasado hay minutas de trabajo y reconocimiento oficial del Instituto de Salud Bienestar (Insabi) para atender la problem\u00e1tica; no obstante, los SSO se han negado a hacerlo.<\/p>\n\n\n\n<p>Asimismo, se ha negado a recontratar a personal del programa U103, quienes forman parte del SITSS y adem\u00e1s se mantienen en paro de labores.<\/p>\n\n\n\n<p>Lament\u00f3 que a M\u00e1rquez Heine desestime la demanda de los trabajadores y se ocupe m\u00e1s de asuntos de \u00edndole pol\u00edtico y financieron, en lugar de apoyar a los desempleados del sector.<\/p>\n\n\n\n<p>Por otra parte, personal del \u00e1rea de Vectores se mantiene en paro de labores en otras sedes de la instituci\u00f3n de los Servicios de Salud, con diversas demandas tampoco atendidas.<\/p>\n","protected":false},"excerpt":{"rendered":"<p>Redacci\u00f3n\/Zona Roja. Oaxaca de Ju\u00e1rez, Oax., 31 de marzo de 2021.- Pese a que este&hellip;<\/p>\n","protected":false},"author":2,"featured_media":25359,"comment_status":"closed","ping_status":"open","sticky":false,"template":"","format":"standard","meta":{"_lmt_disableupdate":"","_lmt_disable":"","_jetpack_memberships_contains_paid_content":false,"footnotes":""},"categories":[109,47],"tags":[1701,1005],"class_list":["post-25358","post","type-post","status-publish","format-standard","has-post-thumbnail","hentry","category-minuto-a-minuto","category-zona-gris","tag-juan-carlos-marquez-heine","tag-servicios-de-salud-de-oaxaca-sso"],"jetpack_featured_media_url":"https:\/\/zonaroja.com.mx\/wp-content\/uploads\/2021\/03\/Protesta-Servicios-de-Salud-1.jpg","jetpack_sharing_enabled":true,"_links":{"self":[{"href":"https:\/\/zonaroja.com.mx\/index.php?rest_route=\/wp\/v2\/posts\/25358","targetHints":{"allow":["GET"]}}],"collection":[{"href":"https:\/\/zonaroja.com.mx\/index.php?rest_route=\/wp\/v2\/posts"}],"about":[{"href":"https:\/\/zonaroja.com.mx\/index.php?rest_route=\/wp\/v2\/types\/post"}],"author":[{"embeddable":true,"href":"https:\/\/zonaroja.com.mx\/index.php?rest_route=\/wp\/v2\/users\/2"}],"replies":[{"embeddable":true,"href":"https:\/\/zonaroja.com.mx\/index.php?rest_route=%2Fwp%2Fv2%2Fcomments&post=25358"}],"version-history":[{"count":1,"href":"https:\/\/zonaroja.com.mx\/index.php?rest_route=\/wp\/v2\/posts\/25358\/revisions"}],"predecessor-version":[{"id":25360,"href":"https:\/\/zonaroja.com.mx\/index.php?rest_route=\/wp\/v2\/posts\/25358\/revisions\/25360"}],"wp:featuredmedia":[{"embeddable":true,"href":"https:\/\/zonaroja.com.mx\/index.php?rest_route=\/wp\/v2\/media\/25359"}],"wp:attachment":[{"href":"https:\/\/zonaroja.com.mx\/index.php?rest_route=%2Fwp%2Fv2%2Fmedia&parent=25358"}],"wp:term":[{"taxonomy":"category","embeddable":true,"href":"https:\/\/zonaroja.com.mx\/index.php?rest_route=%2Fwp%2Fv2%2Fcategories&post=25358"},{"taxonomy":"post_tag","embeddable":true,"href":"https:\/\/zonaroja.com.mx\/index.php?rest_route=%2Fwp%2Fv2%2Ftags&post=25358"}],"curies":[{"name":"wp","href":"https:\/\/api.w.org\/{rel}","templated":true}]}}