{"id":2536,"date":"2019-07-26T09:06:34","date_gmt":"2019-07-26T14:06:34","guid":{"rendered":"http:\/\/www.zonaroja.com.mx\/?p=2536"},"modified":"2019-07-26T09:06:37","modified_gmt":"2019-07-26T14:06:37","slug":"muere-pescador-arrastrado-por-olas-en-puerto-angel","status":"publish","type":"post","link":"https:\/\/zonaroja.com.mx\/?p=2536","title":{"rendered":"Muere pescador arrastrado por olas en Puerto \u00c1ngel"},"content":{"rendered":"\n<p>Redacci\u00f3n<\/p>\n\n\n\n<p>Oaxaca de\nJu\u00e1rez, Oax., 26 de julio de 2019.- Un pescador muri\u00f3 en Puerto \u00c1ngel, San\nPedro Pochutla, al ser arrastrado por una ola cuando caminaba por una zona\nrocosa.<\/p>\n\n\n\n<p>De acuerdo\ncon reportes de personal de Protecci\u00f3n Civil, los hechos sucedieron ayer por la\ntarde cuando Sixto Garc\u00eda Hern\u00e1ndez pretend\u00eda salir a pescar, a la altura del\nbarrio La Mina.<\/p>\n\n\n\n<p>Sin embargo,\nuna ola alta lo alcanz\u00f3 cuando caminaba por una zona rocosa y lo llev\u00f3 mar\nadentro. Pescadores y sus familiares iniciaron la b\u00fasqueda y rescate.<\/p>\n\n\n\n<p>Pero fue\nhoras m\u00e1s tarde en que localizaron el cad\u00e1ver en Playa Tembo, a unos cinco\nkil\u00f3metros del lugar donde desapareci\u00f3.<\/p>\n","protected":false},"excerpt":{"rendered":"<p>Redacci\u00f3n Oaxaca de Ju\u00e1rez, Oax., 26 de julio de 2019.- Un pescador muri\u00f3 en Puerto&hellip;<\/p>\n","protected":false},"author":2,"featured_media":2537,"comment_status":"closed","ping_status":"open","sticky":false,"template":"","format":"standard","meta":{"_lmt_disableupdate":"","_lmt_disable":"","_jetpack_memberships_contains_paid_content":false,"footnotes":""},"categories":[109,51],"tags":[404],"class_list":["post-2536","post","type-post","status-publish","format-standard","has-post-thumbnail","hentry","category-minuto-a-minuto","category-zona-roja","tag-muere-pescador-arrastrado-por-ola-en-puerto-angel"],"jetpack_featured_media_url":"https:\/\/zonaroja.com.mx\/wp-content\/uploads\/2019\/07\/riscos-playa.jpg","jetpack_sharing_enabled":true,"_links":{"self":[{"href":"https:\/\/zonaroja.com.mx\/index.php?rest_route=\/wp\/v2\/posts\/2536","targetHints":{"allow":["GET"]}}],"collection":[{"href":"https:\/\/zonaroja.com.mx\/index.php?rest_route=\/wp\/v2\/posts"}],"about":[{"href":"https:\/\/zonaroja.com.mx\/index.php?rest_route=\/wp\/v2\/types\/post"}],"author":[{"embeddable":true,"href":"https:\/\/zonaroja.com.mx\/index.php?rest_route=\/wp\/v2\/users\/2"}],"replies":[{"embeddable":true,"href":"https:\/\/zonaroja.com.mx\/index.php?rest_route=%2Fwp%2Fv2%2Fcomments&post=2536"}],"version-history":[{"count":1,"href":"https:\/\/zonaroja.com.mx\/index.php?rest_route=\/wp\/v2\/posts\/2536\/revisions"}],"predecessor-version":[{"id":2538,"href":"https:\/\/zonaroja.com.mx\/index.php?rest_route=\/wp\/v2\/posts\/2536\/revisions\/2538"}],"wp:featuredmedia":[{"embeddable":true,"href":"https:\/\/zonaroja.com.mx\/index.php?rest_route=\/wp\/v2\/media\/2537"}],"wp:attachment":[{"href":"https:\/\/zonaroja.com.mx\/index.php?rest_route=%2Fwp%2Fv2%2Fmedia&parent=2536"}],"wp:term":[{"taxonomy":"category","embeddable":true,"href":"https:\/\/zonaroja.com.mx\/index.php?rest_route=%2Fwp%2Fv2%2Fcategories&post=2536"},{"taxonomy":"post_tag","embeddable":true,"href":"https:\/\/zonaroja.com.mx\/index.php?rest_route=%2Fwp%2Fv2%2Ftags&post=2536"}],"curies":[{"name":"wp","href":"https:\/\/api.w.org\/{rel}","templated":true}]}}