{"id":25361,"date":"2021-03-31T10:07:37","date_gmt":"2021-03-31T16:07:37","guid":{"rendered":"http:\/\/www.zonaroja.com.mx\/?p=25361"},"modified":"2021-03-31T10:07:40","modified_gmt":"2021-03-31T16:07:40","slug":"morena-en-oaxaca-incumple-y-postula-candidato-con-antecedentes-de-violencia-de-genero","status":"publish","type":"post","link":"https:\/\/zonaroja.com.mx\/?p=25361","title":{"rendered":"Morena en Oaxaca incumple y postula candidato con antecedentes de violencia de g\u00e9nero"},"content":{"rendered":"\n<p>Yuridiana Sosa\/Zona Roja.<\/p>\n\n\n\n<p>Oaxaca de Ju\u00e1rez, Oax. 31 de marzo de 2021.- Tanto el Comit\u00e9 Nacional como el Estatal en Oaxaca del Partido Morena avalaron candidatos varones a cargos de representaci\u00f3n popular con antecedentes de violencia contra las mujeres.<\/p>\n\n\n\n<p>El m\u00e1s reciente es el aspirante a la presidencia municipal de Santa Mar\u00eda Xadani, en el Istmo, denunci\u00f3 el Grupo de Estudios sobre la Mujer \u201cRosario Castellanos\u201d (GES Mujer).<\/p>\n\n\n\n<p>Con esta decisi\u00f3n, el presidente estatal de Morena, Ses\u00fal Bola\u00f1os, rompi\u00f3 con el compromiso que ning\u00fan candidato con antecedentes de violencia hacia las mujeres ser\u00eda elegible para un cargo de elecci\u00f3n popular.<\/p>\n\n\n\n<p>En los hechos se comprueba con la designaci\u00f3n de Osiris Jim\u00e9nez Matus como candidato a la presidencia municipal de Santa Mar\u00eda Xadani, quien cuenta con denuncias formales por violencia familiar.<\/p>\n\n\n\n<p>GES Mujer exigi\u00f3 que ning\u00fan agresor de mujeres llegue al poder y conden\u00f3 que ahora el l\u00edder estatal justifica la decisi\u00f3n en que fue el Comit\u00e9 Nacional de elecciones y comisi\u00f3n de honestidad y justicia el responsable de las designaciones.<\/p>\n\n\n\n<p>\u201cLo \u00fanico que evidencia es el pacto patriarcal que se niegan a romper, privilegiando sus intereses y compromisos, siendo omisos a la realidad de violencia y discriminaci\u00f3n hacia las mujeres que persiste en Oaxaca\u201d, manifest\u00f3 en su comunicado el grupo defensor de mujeres.<\/p>\n\n\n\n<p>Las pr\u00e1cticas en Morena se repiten no s\u00f3lo a nivel de comit\u00e9s, sino en las defensas de los l\u00edderes a las decisiones, dijo la organizaci\u00f3n, pues el senador Salom\u00f3n Jara Cruz, delegado especial del Comit\u00e9 Ejecutivo Nacional de Morena, tambi\u00e9n defendi\u00f3 la postulaci\u00f3n de F\u00e9lix Salgado Macedonio.<\/p>\n\n\n\n<p>El Senador Jara Cruz como originario de San Melchor Betaza, Sierra Norte de Oaxaca, tendr\u00eda que defender, desde su espacio de poder, el principio de hacer valer el derecho de m\u00e1s de la mitad de la poblaci\u00f3n oaxaque\u00f1a a vivir libres de todas las formas de violencia contra las ni\u00f1as y las mujeres, consider\u00f3 GES Mujer.<\/p>\n\n\n\n<p>LA VIOLENCIA DEL CANDIDATO<\/p>\n\n\n\n<p>De acuerdo con el Grupo de Estudios sobre la Mujer, Osiris Jim\u00e9nez Matus ha ejercido por m\u00e1s de 20 a\u00f1os todo tipo de violencia contra la se\u00f1ora Beliavit Guerra, mujer ind\u00edgena que ahora teme por su seguridad luego que decidi\u00f3 buscar justicia en su caso.<\/p>\n\n\n\n<p>Con escasos recursos, Beliavit ha recorrido instancias de gobierno para solicitar su apoyo con la denuncia por violencia familiar, orientaci\u00f3n para evitar ser despojada legalmente de lo que en los hechos ya ha sido; solicitando intervenci\u00f3n para recuperar sus pertenencias personales, su ropa, de la que fue su casa, pero sin haberlo logrado, expone el Grupo.<\/p>\n\n\n\n<p>A pesar de los intentos la respuesta por parte de la Secretar\u00eda de las Mujeres, la Fiscal\u00eda Especializada para delitos por Raz\u00f3n de G\u00e9nero y la Defensor\u00eda de Derechos Humanos para que le garanticen sus derechos y seguir con su vida, sigue en espera.<\/p>\n\n\n\n<p>\u201cSi, utilizando todo su poder y el respaldo de un partido pol\u00edtico, el Sr. Osiris Jim\u00e9nez llega a la Presidencia Municipal de Santa Mar\u00eda Xadani, \u00bfc\u00f3mo ser\u00e1 la vida de las mujeres y las ni\u00f1as?, \u00bfqui\u00e9n atender\u00e1 los elevados niveles de violencia de g\u00e9nero y violencia feminicida que existe en el Istmo?\u201d expone el GES.<\/p>\n\n\n\n<p>En la actual administraci\u00f3n 110 mujeres y ni\u00f1as han sido asesinadas de manera violenta en la regi\u00f3n del Istmo y durante el 2021 van ocho casos, lo que representa el 32 por ciento nivel estatal.<\/p>\n","protected":false},"excerpt":{"rendered":"<p>Yuridiana Sosa\/Zona Roja. Oaxaca de Ju\u00e1rez, Oax. 31 de marzo de 2021.- Tanto el Comit\u00e9&hellip;<\/p>\n","protected":false},"author":2,"featured_media":25362,"comment_status":"closed","ping_status":"open","sticky":false,"template":"","format":"standard","meta":{"_lmt_disableupdate":"","_lmt_disable":"","_jetpack_memberships_contains_paid_content":false,"footnotes":""},"categories":[109,47],"tags":[2563],"class_list":["post-25361","post","type-post","status-publish","format-standard","has-post-thumbnail","hentry","category-minuto-a-minuto","category-zona-gris","tag-osiris-jimenez-matus"],"jetpack_featured_media_url":"https:\/\/zonaroja.com.mx\/wp-content\/uploads\/2021\/03\/Osiris-Jimenez-Matus.jpg","jetpack_sharing_enabled":true,"_links":{"self":[{"href":"https:\/\/zonaroja.com.mx\/index.php?rest_route=\/wp\/v2\/posts\/25361","targetHints":{"allow":["GET"]}}],"collection":[{"href":"https:\/\/zonaroja.com.mx\/index.php?rest_route=\/wp\/v2\/posts"}],"about":[{"href":"https:\/\/zonaroja.com.mx\/index.php?rest_route=\/wp\/v2\/types\/post"}],"author":[{"embeddable":true,"href":"https:\/\/zonaroja.com.mx\/index.php?rest_route=\/wp\/v2\/users\/2"}],"replies":[{"embeddable":true,"href":"https:\/\/zonaroja.com.mx\/index.php?rest_route=%2Fwp%2Fv2%2Fcomments&post=25361"}],"version-history":[{"count":1,"href":"https:\/\/zonaroja.com.mx\/index.php?rest_route=\/wp\/v2\/posts\/25361\/revisions"}],"predecessor-version":[{"id":25363,"href":"https:\/\/zonaroja.com.mx\/index.php?rest_route=\/wp\/v2\/posts\/25361\/revisions\/25363"}],"wp:featuredmedia":[{"embeddable":true,"href":"https:\/\/zonaroja.com.mx\/index.php?rest_route=\/wp\/v2\/media\/25362"}],"wp:attachment":[{"href":"https:\/\/zonaroja.com.mx\/index.php?rest_route=%2Fwp%2Fv2%2Fmedia&parent=25361"}],"wp:term":[{"taxonomy":"category","embeddable":true,"href":"https:\/\/zonaroja.com.mx\/index.php?rest_route=%2Fwp%2Fv2%2Fcategories&post=25361"},{"taxonomy":"post_tag","embeddable":true,"href":"https:\/\/zonaroja.com.mx\/index.php?rest_route=%2Fwp%2Fv2%2Ftags&post=25361"}],"curies":[{"name":"wp","href":"https:\/\/api.w.org\/{rel}","templated":true}]}}