{"id":25364,"date":"2021-03-31T10:16:40","date_gmt":"2021-03-31T16:16:40","guid":{"rendered":"http:\/\/www.zonaroja.com.mx\/?p=25364"},"modified":"2021-03-31T10:16:43","modified_gmt":"2021-03-31T16:16:43","slug":"personal-judicial-se-actualiza-sobre-dh-de-personas-con-discapacidad","status":"publish","type":"post","link":"https:\/\/zonaroja.com.mx\/?p=25364","title":{"rendered":"Personal Judicial se actualiza sobre DH de personas con discapacidad"},"content":{"rendered":"\n<p>Redacci\u00f3n\/Zona Roja.<\/p>\n\n\n\n<p>Oaxaca de Ju\u00e1rez, Oax., 31 de marzo de 2021.- En las acciones encaminadas a impulsar mejores pr\u00e1cticas de acceso a una justicia incluyente y humanizada, el Poder Judicial del Estado dio inicio al curso en l\u00ednea \u201cLos derechos humanos de las personas con discapacidad\u201d, dirigido a servidoras y servidores p\u00fablicos de la instituci\u00f3n e impartido por Fabiola Mart\u00ednez Ram\u00edrez, acad\u00e9mica del programa de Posgrado en Derecho de la Universidad Aut\u00f3noma de M\u00e9xico (UNAM) y especialista en Derechos Humanos.<\/p>\n\n\n\n<p>El objetivo es propiciar un di\u00e1logo en torno a este tema y evaluar las herramientas te\u00f3rico-pr\u00e1cticas para la implementaci\u00f3n de t\u00e9cnicas de interpretaci\u00f3n y argumentaci\u00f3n en la resoluci\u00f3n de conflictos en los que se involucran grupos en situaci\u00f3n de vulnerabilidad, como es el caso de las personas con alguna discapacidad.<\/p>\n\n\n\n<p>En el inicio del curso, organizado a trav\u00e9s de la Escuela Judicial, se estableci\u00f3 la importancia de que las \u00e1reas de la administraci\u00f3n de justicia se mantengan actualizadas, fortalezcan los conocimientos y habilidades necesarias para su adecuado desempe\u00f1o y se sensibilicen con la finalidad de garantizar a las personas con discapacidad el goce o ejercicio, en igualdad de condiciones con las dem\u00e1s, de todos los derechos humanos y libertades fundamentales.<\/p>\n\n\n\n<p>En seis sesiones de trabajo que dieron inicio el pasado 23 de marzo, las y los participantes cursar\u00e1n cuatro m\u00f3dulos con los temas: Definiciones en torno a la discapacidad. An\u00e1lisis conceptual e introducci\u00f3n al marco legal, constitucional y convencional que reconoce la discapacidad; Acceso a la justicia para personas con discapacidad. La igualdad y no discriminaci\u00f3n y Est\u00e1ndares interpretativos en materia de personas con discapacidad. Casos relevantes de la SCJN y de la Corte Interamericana de Derechos Humanos.<\/p>\n\n\n\n<p>Tambi\u00e9n se abordar\u00e1 la aplicaci\u00f3n de los principios de interdependencia, universalidad, invidisibilidad y progresividad, otros derechos involucrados para el cumplimiento de las obligaciones generales del Estado. Derecho a la salud, derecho a la igualdad, la no discriminaci\u00f3n y la movilidad.<\/p>\n\n\n\n<p>La doctora Fabiola Mart\u00ednez Ram\u00edrez es miembro del Programa de Tutores a nivel Nacional con reconocimiento internacional en el Programa de Posgrado en Derecho de la UNAM. Cuenta con diversas publicaciones especializadas en Derecho Procesal, Derechos Humanos y Derecho Internacional de los Derechos Humanos.<\/p>\n","protected":false},"excerpt":{"rendered":"<p>Redacci\u00f3n\/Zona Roja. Oaxaca de Ju\u00e1rez, Oax., 31 de marzo de 2021.- En las acciones encaminadas&hellip;<\/p>\n","protected":false},"author":2,"featured_media":25365,"comment_status":"closed","ping_status":"open","sticky":false,"template":"","format":"standard","meta":{"_lmt_disableupdate":"","_lmt_disable":"","_jetpack_memberships_contains_paid_content":false,"footnotes":""},"categories":[109,46],"tags":[223],"class_list":["post-25364","post","type-post","status-publish","format-standard","has-post-thumbnail","hentry","category-minuto-a-minuto","category-zona-blanca","tag-poder-judicial-de-oaxaca"],"jetpack_featured_media_url":"https:\/\/zonaroja.com.mx\/wp-content\/uploads\/2021\/03\/1-CURSO-TALLER-SOBRE-DERECHOS-PERSONAS-CON-DISCAPACIDAD-.jpg","jetpack_sharing_enabled":true,"_links":{"self":[{"href":"https:\/\/zonaroja.com.mx\/index.php?rest_route=\/wp\/v2\/posts\/25364","targetHints":{"allow":["GET"]}}],"collection":[{"href":"https:\/\/zonaroja.com.mx\/index.php?rest_route=\/wp\/v2\/posts"}],"about":[{"href":"https:\/\/zonaroja.com.mx\/index.php?rest_route=\/wp\/v2\/types\/post"}],"author":[{"embeddable":true,"href":"https:\/\/zonaroja.com.mx\/index.php?rest_route=\/wp\/v2\/users\/2"}],"replies":[{"embeddable":true,"href":"https:\/\/zonaroja.com.mx\/index.php?rest_route=%2Fwp%2Fv2%2Fcomments&post=25364"}],"version-history":[{"count":1,"href":"https:\/\/zonaroja.com.mx\/index.php?rest_route=\/wp\/v2\/posts\/25364\/revisions"}],"predecessor-version":[{"id":25366,"href":"https:\/\/zonaroja.com.mx\/index.php?rest_route=\/wp\/v2\/posts\/25364\/revisions\/25366"}],"wp:featuredmedia":[{"embeddable":true,"href":"https:\/\/zonaroja.com.mx\/index.php?rest_route=\/wp\/v2\/media\/25365"}],"wp:attachment":[{"href":"https:\/\/zonaroja.com.mx\/index.php?rest_route=%2Fwp%2Fv2%2Fmedia&parent=25364"}],"wp:term":[{"taxonomy":"category","embeddable":true,"href":"https:\/\/zonaroja.com.mx\/index.php?rest_route=%2Fwp%2Fv2%2Fcategories&post=25364"},{"taxonomy":"post_tag","embeddable":true,"href":"https:\/\/zonaroja.com.mx\/index.php?rest_route=%2Fwp%2Fv2%2Ftags&post=25364"}],"curies":[{"name":"wp","href":"https:\/\/api.w.org\/{rel}","templated":true}]}}