{"id":25371,"date":"2021-03-31T10:31:21","date_gmt":"2021-03-31T16:31:21","guid":{"rendered":"http:\/\/www.zonaroja.com.mx\/?p=25371"},"modified":"2021-03-31T10:31:24","modified_gmt":"2021-03-31T16:31:24","slug":"aseguran-gobierno-y-conavim-que-combaten-violencia-feminicida","status":"publish","type":"post","link":"https:\/\/zonaroja.com.mx\/?p=25371","title":{"rendered":"Aseguran gobierno y Conavim que combaten violencia feminicida"},"content":{"rendered":"\n<p>Redacci\u00f3n\/Zona Roja.<\/p>\n\n\n\n<p>Oaxaca de Ju\u00e1rez, Oax., 31 de marzo de 2021.- El gobierno de Oaxaca y la Comisi\u00f3n Nacional para Prevenir y Erradicar la Violencia contra las Mujeres (Conavim) anunciaron el plan \u201cPor ellas, acciones para familias v\u00edctimas de feminicidio\u201d, en respaldo a quienes han sufrido este flagelo.<\/p>\n\n\n\n<p>De acuerdo con un comunicado, a trav\u00e9s de ello se atender\u00e1 de manera integral mediante seis componentes y 22 acciones a las v\u00edctimas indirectas de este delito y a sobrevivientes de tentativa de feminicidio.<\/p>\n\n\n\n<p>La Conavim aporta 3.8 millones de pesos que ser\u00e1n utilizados para abatir el rezago de las carpetas de investigaci\u00f3n del periodo 2017- 2020 que atiende la Fiscal\u00eda General del Estado.<\/p>\n\n\n\n<p>Y otra parte de este recurso se destinar\u00e1 tambi\u00e9n a brindar atenci\u00f3n jur\u00eddica y psicol\u00f3gica a las v\u00edctimas canalizadas al refugio \u201cCasa de Medio Camino\u201d.<\/p>\n\n\n\n<p>La titular de la Conavim, Fabiola Alan\u00eds Samano, se\u00f1al\u00f3 que Oaxaca es una de las entidades que cuenta con Alerta de Violencia de G\u00e9nero (AVG), hecho que lejos de \u201cser un castigo\u201d, ha sido una oportunidad para que en el Gobierno del Estado se creen condiciones para erradicar estas acciones.<\/p>\n\n\n\n<p>\u201cDecirle Gobernador que usted ha tomado la Alerta como una oportunidad para hacer realmente que las dependencias que tienen una responsabilidad espec\u00edfica en atenci\u00f3n a las mujeres, lo hagan. Al ser una oportunidad, se observa que los 40 municipios con esta Alerta est\u00e1n haciendo algo y seguramente har\u00e1n m\u00e1s, para atender a las mujeres en sus municipios\u201d, manifest\u00f3.<\/p>\n\n\n\n<p>En su mensaje durante el acto efectuado ayer, el gobernador Alejandro Murat asegur\u00f3:<\/p>\n\n\n\n<p>\u201cEs un programa que ha sido orientado por las mam\u00e1s, hermanas y hermanos de las mujeres que sufrieron feminicidio. Este esquema busca atender en los hechos muchas de las facetas que hoy revictimizan, ofenden y laceran una vez que se dio este delito que es rechazable en todos los sentidos\u201d,<\/p>\n\n\n\n<p>Durante la presentaci\u00f3n del programa \u201cPor ellas, acciones para familias v\u00edctimas de feminicidio\u201d, se dio a conocer que los seis componentes que integran este proyecto son: Salud y nutrici\u00f3n, Salud emocional, Apoyo para el acceso a la justicia, Fortalecimiento econ\u00f3mico, Fortalecimiento educativo, y Reformas al Sistema de Justicia.<\/p>\n\n\n\n<p>En este marco, Alejandro Murat Hinojosa hizo la entrega simb\u00f3lica de tres Cr\u00e9ditos a la Palabra, por un monto de 150 mil pesos cada uno, en apoyo a las familias de las v\u00edctimas de feminicidios.<\/p>\n","protected":false},"excerpt":{"rendered":"<p>Redacci\u00f3n\/Zona Roja. Oaxaca de Ju\u00e1rez, Oax., 31 de marzo de 2021.- El gobierno de Oaxaca&hellip;<\/p>\n","protected":false},"author":2,"featured_media":25372,"comment_status":"closed","ping_status":"open","sticky":false,"template":"","format":"standard","meta":{"_lmt_disableupdate":"","_lmt_disable":"","_jetpack_memberships_contains_paid_content":false,"footnotes":""},"categories":[109,47],"tags":[173],"class_list":["post-25371","post","type-post","status-publish","format-standard","has-post-thumbnail","hentry","category-minuto-a-minuto","category-zona-gris","tag-alejandro-murat-hinojosa"],"jetpack_featured_media_url":"https:\/\/zonaroja.com.mx\/wp-content\/uploads\/2021\/03\/AMH-3.jpeg","jetpack_sharing_enabled":true,"_links":{"self":[{"href":"https:\/\/zonaroja.com.mx\/index.php?rest_route=\/wp\/v2\/posts\/25371","targetHints":{"allow":["GET"]}}],"collection":[{"href":"https:\/\/zonaroja.com.mx\/index.php?rest_route=\/wp\/v2\/posts"}],"about":[{"href":"https:\/\/zonaroja.com.mx\/index.php?rest_route=\/wp\/v2\/types\/post"}],"author":[{"embeddable":true,"href":"https:\/\/zonaroja.com.mx\/index.php?rest_route=\/wp\/v2\/users\/2"}],"replies":[{"embeddable":true,"href":"https:\/\/zonaroja.com.mx\/index.php?rest_route=%2Fwp%2Fv2%2Fcomments&post=25371"}],"version-history":[{"count":1,"href":"https:\/\/zonaroja.com.mx\/index.php?rest_route=\/wp\/v2\/posts\/25371\/revisions"}],"predecessor-version":[{"id":25373,"href":"https:\/\/zonaroja.com.mx\/index.php?rest_route=\/wp\/v2\/posts\/25371\/revisions\/25373"}],"wp:featuredmedia":[{"embeddable":true,"href":"https:\/\/zonaroja.com.mx\/index.php?rest_route=\/wp\/v2\/media\/25372"}],"wp:attachment":[{"href":"https:\/\/zonaroja.com.mx\/index.php?rest_route=%2Fwp%2Fv2%2Fmedia&parent=25371"}],"wp:term":[{"taxonomy":"category","embeddable":true,"href":"https:\/\/zonaroja.com.mx\/index.php?rest_route=%2Fwp%2Fv2%2Fcategories&post=25371"},{"taxonomy":"post_tag","embeddable":true,"href":"https:\/\/zonaroja.com.mx\/index.php?rest_route=%2Fwp%2Fv2%2Ftags&post=25371"}],"curies":[{"name":"wp","href":"https:\/\/api.w.org\/{rel}","templated":true}]}}