{"id":25374,"date":"2021-03-31T16:00:31","date_gmt":"2021-03-31T22:00:31","guid":{"rendered":"http:\/\/www.zonaroja.com.mx\/?p=25374"},"modified":"2021-03-31T16:00:34","modified_gmt":"2021-03-31T22:00:34","slug":"trabajadores-del-maco-presentan-denuncia-laboral-colectiva","status":"publish","type":"post","link":"https:\/\/zonaroja.com.mx\/?p=25374","title":{"rendered":"Trabajadores del MACO presentan denuncia laboral colectiva"},"content":{"rendered":"\n<p>Yuridiana Sosa\/Zona Roja.<\/p>\n\n\n\n<p>Oaxaca de Ju\u00e1rez, Oax., 31 de marzo de 2021.- Personal del Museo de Arte Contempor\u00e1neo de Oaxaca (MACO) present\u00f3 una demanda laboral colectiva ante la Junta Local de Conciliaci\u00f3n y Arbitraje, por las presuntas violaciones laborales por parte de la asociaci\u00f3n civil \u201cAmigos del MACO\u201d.<\/p>\n\n\n\n<p>En conferencia de prensa, los trabajadores dieron a conocer el proceso legal que han emprendido para que los responsables paguen los salarios pendientes, luego que se ha roto el di\u00e1logo por parte de Jos\u00e9 Luis Bustamante del Valle y otros involucrados por parte de la asociaci\u00f3n.<\/p>\n\n\n\n<p>Una de las afectadas, Laura Cravioto, expuso que la demanda se present\u00f3 el pasado 22 de marzo en la Junta, en la que tambi\u00e9n se exige la cobertura de seguridad social de la que carecen los 19 trabajadores, quienes a su vez siguen en labores a pesar de las carencias.<\/p>\n\n\n\n<p>Los afectados indicaron que han agotado todas las posibilidades de di\u00e1logo con los integrantes de la asociaci\u00f3n civil \u201cAmigos del MACO\u201d, pero cada vez que se establece una fecha de reuni\u00f3n no acuden, por lo que el di\u00e1logo se agot\u00f3 por parte de los demandados.<\/p>\n\n\n\n<figure class=\"wp-block-embed-twitter wp-block-embed is-type-rich is-provider-twitter\"><div class=\"wp-block-embed__wrapper\">\n<div class=\"twitter-tweet\"><blockquote class=\"twitter-tweet\" data-lang=\"es\"><p lang=\"es\" dir=\"ltr\"><a href=\"https:\/\/twitter.com\/hashtag\/ENVIVO?src=hash&amp;ref_src=twsrc%5Etfw\">#ENVIVO<\/a> <br>Oaxaca de Ju\u00e1rez, Oax., a 31 de marzo de 2021. Conferencia de prensa de trabajadores del Museo de Arte Contempor\u00e1neo de Oaxaca (<a href=\"https:\/\/twitter.com\/MACOaxaca?ref_src=twsrc%5Etfw\">@MACOaxaca<\/a>). Anuncian que interponen demanda laboral colectiva. <br>Siga la transmisi\u00f3n:<br>\ud83d\udc47<a href=\"https:\/\/t.co\/EVk6hfsmXD\">https:\/\/t.co\/EVk6hfsmXD<\/a> <a href=\"https:\/\/t.co\/Or06VyQ2U7\">pic.twitter.com\/Or06VyQ2U7<\/a><\/p>&mdash; Zona Roja Oaxaca (@Zona_Roja_Oax) <a href=\"https:\/\/twitter.com\/Zona_Roja_Oax\/status\/1377307262075736066?ref_src=twsrc%5Etfw\">31 de marzo de 2021<\/a><\/blockquote><\/div>\n<\/div><\/figure>\n\n\n\n<p>Adem\u00e1s, desde finales del mes de enero se les ha impedido al personal de conservaci\u00f3n del MACO el ingreso a las bodegas de obras de arte, por lo que temen de da\u00f1os a las obras que se encuentran en el lugar ante la existencia de flora nociva, como es la polilla, pues existen filtraciones en el espacio que dan oportunidad a la invasi\u00f3n de polvo y otros agentes da\u00f1inos.<\/p>\n\n\n\n<p>Respecto a los salarios, apuntaron que, tras el primer pago, como abono, aplicado el 10 de febrero no han vuelto a recibir otro pago que cubra el adeudo con el personal,&nbsp; mientras que la deuda por casi 10 meses de salarios atrasados ascend\u00eda a un mill\u00f3n 200 mil pesos.<\/p>\n\n\n\n<p>Los trabajadores anunciaron que, a pesar de las dif\u00edciles condiciones laborales, han decidido de forma responsable mantener las actividades del MACO, en la que no se comprometen recursos a invertir, como es una exposici\u00f3n a partir del 16 de abril y talles.<\/p>\n\n\n\n<p>Pidieron a la poblaci\u00f3n ayudar con los ingresos con la compra de art\u00edculos en la tienda de forma presencial y en l\u00ednea.<\/p>\n","protected":false},"excerpt":{"rendered":"<p>Yuridiana Sosa\/Zona Roja. Oaxaca de Ju\u00e1rez, Oax., 31 de marzo de 2021.- Personal del Museo&hellip;<\/p>\n","protected":false},"author":2,"featured_media":25375,"comment_status":"closed","ping_status":"open","sticky":false,"template":"","format":"standard","meta":{"_lmt_disableupdate":"","_lmt_disable":"","_jetpack_memberships_contains_paid_content":false,"footnotes":""},"categories":[109,47],"tags":[2298],"class_list":["post-25374","post","type-post","status-publish","format-standard","has-post-thumbnail","hentry","category-minuto-a-minuto","category-zona-gris","tag-museo-de-arte-contemporaneo-de-oaxaca-maco"],"jetpack_featured_media_url":"https:\/\/zonaroja.com.mx\/wp-content\/uploads\/2021\/03\/Conferencia-de-prensa-trabajadores-MACO.jpg","jetpack_sharing_enabled":true,"_links":{"self":[{"href":"https:\/\/zonaroja.com.mx\/index.php?rest_route=\/wp\/v2\/posts\/25374","targetHints":{"allow":["GET"]}}],"collection":[{"href":"https:\/\/zonaroja.com.mx\/index.php?rest_route=\/wp\/v2\/posts"}],"about":[{"href":"https:\/\/zonaroja.com.mx\/index.php?rest_route=\/wp\/v2\/types\/post"}],"author":[{"embeddable":true,"href":"https:\/\/zonaroja.com.mx\/index.php?rest_route=\/wp\/v2\/users\/2"}],"replies":[{"embeddable":true,"href":"https:\/\/zonaroja.com.mx\/index.php?rest_route=%2Fwp%2Fv2%2Fcomments&post=25374"}],"version-history":[{"count":1,"href":"https:\/\/zonaroja.com.mx\/index.php?rest_route=\/wp\/v2\/posts\/25374\/revisions"}],"predecessor-version":[{"id":25376,"href":"https:\/\/zonaroja.com.mx\/index.php?rest_route=\/wp\/v2\/posts\/25374\/revisions\/25376"}],"wp:featuredmedia":[{"embeddable":true,"href":"https:\/\/zonaroja.com.mx\/index.php?rest_route=\/wp\/v2\/media\/25375"}],"wp:attachment":[{"href":"https:\/\/zonaroja.com.mx\/index.php?rest_route=%2Fwp%2Fv2%2Fmedia&parent=25374"}],"wp:term":[{"taxonomy":"category","embeddable":true,"href":"https:\/\/zonaroja.com.mx\/index.php?rest_route=%2Fwp%2Fv2%2Fcategories&post=25374"},{"taxonomy":"post_tag","embeddable":true,"href":"https:\/\/zonaroja.com.mx\/index.php?rest_route=%2Fwp%2Fv2%2Ftags&post=25374"}],"curies":[{"name":"wp","href":"https:\/\/api.w.org\/{rel}","templated":true}]}}