{"id":25377,"date":"2021-03-31T16:33:51","date_gmt":"2021-03-31T22:33:51","guid":{"rendered":"http:\/\/www.zonaroja.com.mx\/?p=25377"},"modified":"2021-03-31T16:33:55","modified_gmt":"2021-03-31T22:33:55","slug":"familias-desplazadas-de-tierra-blanca-copala-insisten-en-su-retorno-seguro","status":"publish","type":"post","link":"https:\/\/zonaroja.com.mx\/?p=25377","title":{"rendered":"Familias desplazadas de Tierra Blanca Copala, insisten en su retorno seguro"},"content":{"rendered":"\n<p>Evlin Arag\u00f3n\/Zona Roja.<\/p>\n\n\n\n<p>Oaxaca de Ju\u00e1rez, Oax., 31 de marzo de 2021.- A tres meses de la violencia que se registr\u00f3 en Tierra Blanca Copala, y que deriv\u00f3 en el desplazamiento forzada de 500 personas, aproximadamente, la autoridad municipal encabezada por Eusebio Ram\u00edrez Mart\u00ednez, denunci\u00f3 de nueva cuenta la intervenci\u00f3n del Movimiento de Unificaci\u00f3n y Lucha Triqui (MULT) y la falta de atenci\u00f3n por parte del gobierno.&nbsp;<\/p>\n\n\n\n<p>Mediante una carta dirigida al Presidente de la Rep\u00fablica, Andr\u00e9s Manuel L\u00f3pez Obrador, expusieron que, aunque se han firmado tres minutas con acuerdos espec\u00edficos, principalmente la instalaci\u00f3n de la Guardia Nacional en la zona, ha sido la oposici\u00f3n del MULT la que no ha permitido su retorno a la localidad.&nbsp;<\/p>\n\n\n\n<p>Por el contrario, buscan confundir a la opini\u00f3n p\u00fablica y al gobierno llevando a personas de otros pueblos a Tierra Blanca, haci\u00e9ndolo pasar como originario de la comunidad, y diciendo que se trata de las y los desplazadas que ya est\u00e1n egresando a su comunidad.<\/p>\n\n\n\n<p>\u201cQueremos decirles que esto es totalmente falso, nosotros, los nativos originarios de Tierra Blanca, seguimos aqu\u00ed en el z\u00f3calo de la Cdmx, manifest\u00e1ndonos en espera de una respuesta clara y concreta para nuestro retorno seguro con la Guardia Nacional\u201d, exponen en el documento.<\/p>\n\n\n\n<p>As\u00ed mismo, lamentaron que el MULT pretenda decidir por el destino de su comunidad y el gobierno se presta a lo anterior, a sabiendas que ha sido esta misma organizaci\u00f3n la responsable de la violencia en la zona, desde hace m\u00e1s de una d\u00e9cada.&nbsp;<\/p>\n\n\n\n<p>\u201cLos asesinos del MULT, no quieren que entre la Guardia Nacional, porque saben que han cometido delito y no les conviene que haya seguridad, pues con eso se les pone un alto a que sigan asesinando inocentes y actuando impunemente. Ah\u00ed se ve quienes son lo que no quieren la paz para nuestra regi\u00f3n\u201d.<\/p>\n\n\n\n<p>Recordaron que no se trata de un conflicto entre organizaciones, sino de un pueblo pac\u00edfico que fue atacado vilmente, por lo que insistieron en sostener una audiencia con el mandatario federal, a quien le piden escuchar al pueblo triqui y no a las organizaciones que solo han da\u00f1ado a su gente.<\/p>\n\n\n\n<p>As\u00ed mismo indicaron que lo \u00fanico que piden es su retorno seguro, con el resguardo de la Guardia Nacional, as\u00ed mismo justicia y libertad de sus presos pol\u00edticos, lo cual no tendr\u00eda que pasar por la autorizaci\u00f3n del MULT, a quien pareciera que el gobierno debe pedir permiso.\u00a0<\/p>\n\n\n\n<p>Este martes protestaron de nueva cuenta en la Ciudad de M\u00e9xico, con un bloqueo temporal al Eje Central, en el Centro Hist\u00f3rico.<\/p>\n","protected":false},"excerpt":{"rendered":"<p>Evlin Arag\u00f3n\/Zona Roja. Oaxaca de Ju\u00e1rez, Oax., 31 de marzo de 2021.- A tres meses&hellip;<\/p>\n","protected":false},"author":2,"featured_media":25378,"comment_status":"closed","ping_status":"open","sticky":false,"template":"","format":"standard","meta":{"_lmt_disableupdate":"","_lmt_disable":"","_jetpack_memberships_contains_paid_content":false,"footnotes":""},"categories":[109,47],"tags":[1712],"class_list":["post-25377","post","type-post","status-publish","format-standard","has-post-thumbnail","hentry","category-minuto-a-minuto","category-zona-gris","tag-tierra-blanca-copala"],"jetpack_featured_media_url":"https:\/\/zonaroja.com.mx\/wp-content\/uploads\/2021\/03\/Triquis-Copala-Ciudad-de-Mexico.jpeg","jetpack_sharing_enabled":true,"_links":{"self":[{"href":"https:\/\/zonaroja.com.mx\/index.php?rest_route=\/wp\/v2\/posts\/25377","targetHints":{"allow":["GET"]}}],"collection":[{"href":"https:\/\/zonaroja.com.mx\/index.php?rest_route=\/wp\/v2\/posts"}],"about":[{"href":"https:\/\/zonaroja.com.mx\/index.php?rest_route=\/wp\/v2\/types\/post"}],"author":[{"embeddable":true,"href":"https:\/\/zonaroja.com.mx\/index.php?rest_route=\/wp\/v2\/users\/2"}],"replies":[{"embeddable":true,"href":"https:\/\/zonaroja.com.mx\/index.php?rest_route=%2Fwp%2Fv2%2Fcomments&post=25377"}],"version-history":[{"count":1,"href":"https:\/\/zonaroja.com.mx\/index.php?rest_route=\/wp\/v2\/posts\/25377\/revisions"}],"predecessor-version":[{"id":25379,"href":"https:\/\/zonaroja.com.mx\/index.php?rest_route=\/wp\/v2\/posts\/25377\/revisions\/25379"}],"wp:featuredmedia":[{"embeddable":true,"href":"https:\/\/zonaroja.com.mx\/index.php?rest_route=\/wp\/v2\/media\/25378"}],"wp:attachment":[{"href":"https:\/\/zonaroja.com.mx\/index.php?rest_route=%2Fwp%2Fv2%2Fmedia&parent=25377"}],"wp:term":[{"taxonomy":"category","embeddable":true,"href":"https:\/\/zonaroja.com.mx\/index.php?rest_route=%2Fwp%2Fv2%2Fcategories&post=25377"},{"taxonomy":"post_tag","embeddable":true,"href":"https:\/\/zonaroja.com.mx\/index.php?rest_route=%2Fwp%2Fv2%2Ftags&post=25377"}],"curies":[{"name":"wp","href":"https:\/\/api.w.org\/{rel}","templated":true}]}}