{"id":25380,"date":"2021-03-31T16:54:44","date_gmt":"2021-03-31T22:54:44","guid":{"rendered":"http:\/\/www.zonaroja.com.mx\/?p=25380"},"modified":"2021-03-31T16:54:49","modified_gmt":"2021-03-31T22:54:49","slug":"la-cnte-en-oaxaca-exige-justicia-por-asesinato-de-activista-en-paso-de-la-reyna","status":"publish","type":"post","link":"https:\/\/zonaroja.com.mx\/?p=25380","title":{"rendered":"La CNTE en Oaxaca exige justicia por asesinato de activista en Paso de la Reyna"},"content":{"rendered":"\n<p>Yuridiana Sosa\/Zona Roja.<\/p>\n\n\n\n<p>Oaxaca de Ju\u00e1rez, Oax., 31 de marzo de 2021.- La Secci\u00f3n 22 adherida a la Coordinadora Nacional de Trabajadores de la Educaci\u00f3n (CNTE) conden\u00f3 el asesinato del activista Jaime Jim\u00e9nez Ruiz, en la regi\u00f3n de la Costa, y exigi\u00f3 justicia inmediata.<\/p>\n\n\n\n<p>\u201cNuevamente, la defensa de la tierra, la lucha contra el extractivismo y los megaproyectos, deja un luto irreparable\u201d, expres\u00f3 el magisterio oaxaque\u00f1o en su posicionamiento emitido este mi\u00e9rcoles, en el que demanda un alto al asesinato de luchadores sociales en Paso de la Reyna, en Santiago Jamiltepec.<\/p>\n\n\n\n<p>Pues en enero el activista Fidel Heras Cruz, defensor de los recursos naturales en la misma comunidad, fue ejecutado luego de recibir una serie de amenazas por su labor.<\/p>\n\n\n\n<p>Ahora, la gremial de la Secci\u00f3n 22 en Oaxaca exigi\u00f3 al gobierno federal, estatal y municipales \u201calto a la ola de asesinatos, persecuci\u00f3n y violaci\u00f3n a los derechos de nuestros pueblos en defensa de su territorio y del agua\u201d.<\/p>\n\n\n\n<p>Los trabajadores de la educaci\u00f3n se unen a la exigencia que el Consejo de Pueblos Unidos por la Defensa del R\u00edo Verde por una investigaci\u00f3n pronta, responsable y que el caso no quede impune.<\/p>\n\n\n\n<p>Se\u00f1al\u00f3 que por la imposici\u00f3n de megaproyectos que no han contribuido a mejorar la vida de las comunidades, se ha deteriorado el medio ambiente, pese a lo cual la Comisi\u00f3n Federal de Electricidad (CFE) contin\u00faa ejecutando proyectos hidroel\u00e9ctricos en r\u00edo \u201cVerde\u201d.<\/p>\n\n\n\n<p>Esa situaci\u00f3n, dijo el sindicato de maestros, ha derivado en el asesinato de defensores sin que hasta la fecha las autoridades hagan algo al respecto.<\/p>\n","protected":false},"excerpt":{"rendered":"<p>Yuridiana Sosa\/Zona Roja. Oaxaca de Ju\u00e1rez, Oax., 31 de marzo de 2021.- La Secci\u00f3n 22&hellip;<\/p>\n","protected":false},"author":2,"featured_media":25293,"comment_status":"closed","ping_status":"open","sticky":false,"template":"","format":"standard","meta":{"_lmt_disableupdate":"","_lmt_disable":"","_jetpack_memberships_contains_paid_content":false,"footnotes":""},"categories":[109,47],"tags":[2560,2397],"class_list":["post-25380","post","type-post","status-publish","format-standard","has-post-thumbnail","hentry","category-minuto-a-minuto","category-zona-gris","tag-jaime-jimenez-ruiz","tag-paso-de-la-reyna-jamiltepec"],"jetpack_featured_media_url":"https:\/\/zonaroja.com.mx\/wp-content\/uploads\/2021\/03\/Jaime-Jimenez-Ruiz-Paso-de-la-Reyna.jpg","jetpack_sharing_enabled":true,"_links":{"self":[{"href":"https:\/\/zonaroja.com.mx\/index.php?rest_route=\/wp\/v2\/posts\/25380","targetHints":{"allow":["GET"]}}],"collection":[{"href":"https:\/\/zonaroja.com.mx\/index.php?rest_route=\/wp\/v2\/posts"}],"about":[{"href":"https:\/\/zonaroja.com.mx\/index.php?rest_route=\/wp\/v2\/types\/post"}],"author":[{"embeddable":true,"href":"https:\/\/zonaroja.com.mx\/index.php?rest_route=\/wp\/v2\/users\/2"}],"replies":[{"embeddable":true,"href":"https:\/\/zonaroja.com.mx\/index.php?rest_route=%2Fwp%2Fv2%2Fcomments&post=25380"}],"version-history":[{"count":1,"href":"https:\/\/zonaroja.com.mx\/index.php?rest_route=\/wp\/v2\/posts\/25380\/revisions"}],"predecessor-version":[{"id":25381,"href":"https:\/\/zonaroja.com.mx\/index.php?rest_route=\/wp\/v2\/posts\/25380\/revisions\/25381"}],"wp:featuredmedia":[{"embeddable":true,"href":"https:\/\/zonaroja.com.mx\/index.php?rest_route=\/wp\/v2\/media\/25293"}],"wp:attachment":[{"href":"https:\/\/zonaroja.com.mx\/index.php?rest_route=%2Fwp%2Fv2%2Fmedia&parent=25380"}],"wp:term":[{"taxonomy":"category","embeddable":true,"href":"https:\/\/zonaroja.com.mx\/index.php?rest_route=%2Fwp%2Fv2%2Fcategories&post=25380"},{"taxonomy":"post_tag","embeddable":true,"href":"https:\/\/zonaroja.com.mx\/index.php?rest_route=%2Fwp%2Fv2%2Ftags&post=25380"}],"curies":[{"name":"wp","href":"https:\/\/api.w.org\/{rel}","templated":true}]}}