{"id":25382,"date":"2021-03-31T20:43:05","date_gmt":"2021-04-01T02:43:05","guid":{"rendered":"http:\/\/www.zonaroja.com.mx\/?p=25382"},"modified":"2021-03-31T20:43:10","modified_gmt":"2021-04-01T02:43:10","slug":"estallan-colonos-de-la-ciudad-por-invasion-de-ambulantes-y-omision-de-semovi","status":"publish","type":"post","link":"https:\/\/zonaroja.com.mx\/?p=25382","title":{"rendered":"Estallan colonos de la ciudad por invasi\u00f3n de ambulantes y omisi\u00f3n de Semovi"},"content":{"rendered":"\n<p>Yuridiana Sosa\/Zona Roja.<\/p>\n\n\n\n<p>Oaxaca de Ju\u00e1rez, Oax., 31 de marzo de 2021.- Vecinos de la colonia Libertad de la ciudad de Oaxaca protestaron hoy contra el gobierno municipal de Oswaldo Garc\u00eda Jarqu\u00edn y la Secretar\u00eda de Movilidad (Semovi), por desatenci\u00f3n a las denuncias de invasi\u00f3n de calles por vendedores ambulantes y taxis for\u00e1neos.<\/p>\n\n\n\n<p>La presidente del Comit\u00e9 de Vida Vecinal de la colonia Libertad &#8211;colindante con el Perif\u00e9rico&#8211;, Socorro Thelma Flores Villanueva, se\u00f1al\u00f3 que en diversas ocasiones han recurrido a la Semovi para que les expliquen sobre el proyecto del CityBus.<\/p>\n\n\n\n<p>Los vecinos de dicho asentamiento se encuentran preocupados y molestos porque no ven avances en el ordenamiento vial con el transporte, lo cual supuestamente contempla el plan del Citybus.<\/p>\n\n\n\n<p>La manifestaci\u00f3n se llev\u00f3 en el Perif\u00e9rico casi esquina con prolongaci\u00f3n de Valerio Trujano, cerca de la Central de Abasto, uno de los sitios al que acudi\u00f3 el gobernador Alejandro Murat y a quien ten\u00edan la intenci\u00f3n de expresarle la queja; pero tambi\u00e9n, por la visita del mandatario, los taxis for\u00e1neos y lo ambulantes que invaden no se instalaron en la zona.<\/p>\n\n\n\n<figure class=\"wp-block-embed-twitter wp-block-embed is-type-rich is-provider-twitter\"><div class=\"wp-block-embed__wrapper\">\n<div class=\"twitter-tweet\"><blockquote class=\"twitter-tweet\" data-lang=\"es\"><p lang=\"es\" dir=\"ltr\"><a href=\"https:\/\/twitter.com\/hashtag\/%C3%9AltimoMinuto?src=hash&amp;ref_src=twsrc%5Etfw\">#\u00daltimoMinuto<\/a> <br>Vecinos de la colonia Libertad protestan esta tarde en el Perif\u00e9rico de la ciudad de Oaxaca, ante la desatenci\u00f3n del <a href=\"https:\/\/twitter.com\/MunicipioOaxaca?ref_src=twsrc%5Etfw\">@MunicipioOaxaca<\/a> y del edil <a href=\"https:\/\/twitter.com\/oswaldogarciaj?ref_src=twsrc%5Etfw\">@oswaldogarciaj<\/a> en relaci\u00f3n al ambulantaje, y contra <a href=\"https:\/\/twitter.com\/SEMOVI_GobOax?ref_src=twsrc%5Etfw\">@SEMOVI_GobOax<\/a> por desorden en transporte. <a href=\"https:\/\/t.co\/EK6x4B0Pe4\">pic.twitter.com\/EK6x4B0Pe4<\/a><\/p>&mdash; Zona Roja Oaxaca (@Zona_Roja_Oax) <a href=\"https:\/\/twitter.com\/Zona_Roja_Oax\/status\/1377376180727320578?ref_src=twsrc%5Etfw\">31 de marzo de 2021<\/a><\/blockquote><\/div>\n<\/div><\/figure>\n\n\n\n<p>A la Semovi han enviado documentos de solicitud cada vez que llega un nuevo directivo, de lo cual ya est\u00e1 cansados.<\/p>\n\n\n\n<p>Mientras que el gobierno municipal hace caso omiso a las invasiones de las calles y banquetas por parte de vendedores informales, tema por lo que en otras ocasiones los mismos vecinos han cerrado el paso de las calles con cadenas, acci\u00f3n que emprender\u00e1n este mi\u00e9rcoles sobre la calle de Las Flores, pues est\u00e1n hartos de la inseguridad que esas invasiones han generado.<\/p>\n","protected":false},"excerpt":{"rendered":"<p>Yuridiana Sosa\/Zona Roja. Oaxaca de Ju\u00e1rez, Oax., 31 de marzo de 2021.- Vecinos de la&hellip;<\/p>\n","protected":false},"author":2,"featured_media":25383,"comment_status":"closed","ping_status":"open","sticky":false,"template":"","format":"standard","meta":{"_lmt_disableupdate":"","_lmt_disable":"","_jetpack_memberships_contains_paid_content":false,"footnotes":""},"categories":[109,47],"tags":[624],"class_list":["post-25382","post","type-post","status-publish","format-standard","has-post-thumbnail","hentry","category-minuto-a-minuto","category-zona-gris","tag-secretaria-de-movilidad"],"jetpack_featured_media_url":"https:\/\/zonaroja.com.mx\/wp-content\/uploads\/2021\/03\/Protesta-colonia-Libertad.jpg","jetpack_sharing_enabled":true,"_links":{"self":[{"href":"https:\/\/zonaroja.com.mx\/index.php?rest_route=\/wp\/v2\/posts\/25382","targetHints":{"allow":["GET"]}}],"collection":[{"href":"https:\/\/zonaroja.com.mx\/index.php?rest_route=\/wp\/v2\/posts"}],"about":[{"href":"https:\/\/zonaroja.com.mx\/index.php?rest_route=\/wp\/v2\/types\/post"}],"author":[{"embeddable":true,"href":"https:\/\/zonaroja.com.mx\/index.php?rest_route=\/wp\/v2\/users\/2"}],"replies":[{"embeddable":true,"href":"https:\/\/zonaroja.com.mx\/index.php?rest_route=%2Fwp%2Fv2%2Fcomments&post=25382"}],"version-history":[{"count":1,"href":"https:\/\/zonaroja.com.mx\/index.php?rest_route=\/wp\/v2\/posts\/25382\/revisions"}],"predecessor-version":[{"id":25384,"href":"https:\/\/zonaroja.com.mx\/index.php?rest_route=\/wp\/v2\/posts\/25382\/revisions\/25384"}],"wp:featuredmedia":[{"embeddable":true,"href":"https:\/\/zonaroja.com.mx\/index.php?rest_route=\/wp\/v2\/media\/25383"}],"wp:attachment":[{"href":"https:\/\/zonaroja.com.mx\/index.php?rest_route=%2Fwp%2Fv2%2Fmedia&parent=25382"}],"wp:term":[{"taxonomy":"category","embeddable":true,"href":"https:\/\/zonaroja.com.mx\/index.php?rest_route=%2Fwp%2Fv2%2Fcategories&post=25382"},{"taxonomy":"post_tag","embeddable":true,"href":"https:\/\/zonaroja.com.mx\/index.php?rest_route=%2Fwp%2Fv2%2Ftags&post=25382"}],"curies":[{"name":"wp","href":"https:\/\/api.w.org\/{rel}","templated":true}]}}