{"id":25385,"date":"2021-03-31T21:50:36","date_gmt":"2021-04-01T03:50:36","guid":{"rendered":"http:\/\/www.zonaroja.com.mx\/?p=25385"},"modified":"2021-03-31T21:50:39","modified_gmt":"2021-04-01T03:50:39","slug":"covid-en-oaxaca-termina-marzo-con-nueve-muertes-y-75-positivos","status":"publish","type":"post","link":"https:\/\/zonaroja.com.mx\/?p=25385","title":{"rendered":"Covid en Oaxaca: termina marzo con nueve muertes y 75 positivos"},"content":{"rendered":"\n<p>Redacci\u00f3n\/Zona Roja.<\/p>\n\n\n\n<p>Oaxaca de Ju\u00e1rez, Oax. 31 de marzo de 2021.- Oaxaca acumul\u00f3 al corte epidemiol\u00f3gico de este 31 de marzo, 43 mil 614 casos de COVID-19 y tres mil 242 defunciones \u2013-nueve de ellas hoy&#8211;, adem\u00e1s de cuatro mil 564 sospechosos y 40 mil 073 personas recuperadas.<\/p>\n\n\n\n<p>De acuerdo con los Servicios de Salud de la entidad, los 75 pacientes nuevos notificados este mi\u00e9rcoles, pertenecen a 40 municipios, principalmente, Oaxaca de Ju\u00e1rez con 11 contagios, San Juan Bautista Tuxtepec con ocho y Santa Mar\u00eda Huatulco con cuatro, el resto tres, dos y uno.<\/p>\n\n\n\n<p>Se report\u00f3 el 26.3% de la ocupaci\u00f3n hospitalaria en la entidad, es decir hay 157 pacientes hospitalizados a causa del virus; mientras que cinco nosocomios notificaron el 100% de ocupaci\u00f3n de camas, 14 personas fueron ingresadas a la red m\u00e9dica en las \u00faltimas 24 horas.<\/p>\n\n\n\n<figure class=\"wp-block-embed-twitter wp-block-embed is-type-rich is-provider-twitter\"><div class=\"wp-block-embed__wrapper\">\n<div class=\"twitter-tweet\"><blockquote class=\"twitter-tweet\" data-lang=\"es\"><p lang=\"es\" dir=\"ltr\"><a href=\"https:\/\/twitter.com\/hashtag\/%C3%9AltimoMinuto?src=hash&amp;ref_src=twsrc%5Etfw\">#\u00daltimoMinuto<\/a><br>De acuerdo con los Servicios de Salud, en <a href=\"https:\/\/twitter.com\/hashtag\/Oaxaca?src=hash&amp;ref_src=twsrc%5Etfw\">#Oaxaca<\/a> este mi\u00e9rcoles se registraron 75 casos positivos, con lo que los casos confirmados aumentan a 43 mil 614.<br>As\u00ed como nueve fallecimientos, para un total de tres mil 242 defunciones; hay cinco hospitales saturados. <a href=\"https:\/\/t.co\/uEyD7tNBMp\">pic.twitter.com\/uEyD7tNBMp<\/a><\/p>&mdash; Zona Roja Oaxaca (@Zona_Roja_Oax) <a href=\"https:\/\/twitter.com\/Zona_Roja_Oax\/status\/1377440436608925696?ref_src=twsrc%5Etfw\">1 de abril de 2021<\/a><\/blockquote><\/div>\n<\/div><\/figure>\n\n\n\n<p>Actualmente son 299 personas que cursan con la enfermedad viral en etapa de contagio; del total, 193 corresponden a Valles Centrales, 32 a la Costa, 28 al Istmo, 24 a la Mixteca, 16 a Tuxtepec y seis a la Sierra.<\/p>\n\n\n\n<p>Conforme al conteo local del global de acumulados, 29 mil 827 son de Valles Centrales, donde tambi\u00e9n han fallecido mil 715 personas; el Istmo presenta tres mil 603 confirmados y 522 muertes; Tuxtepec dos mil 797, de esta cifra 334 perdieron la vida; Costa dos mil 158 y 223 p\u00e9rdidas fatales; Mixteca tres mil 708 y 309 decesos; la Sierra tiene un total de mil 521 contagios y&nbsp; 139 muertos.<\/p>\n","protected":false},"excerpt":{"rendered":"<p>Redacci\u00f3n\/Zona Roja. Oaxaca de Ju\u00e1rez, Oax. 31 de marzo de 2021.- Oaxaca acumul\u00f3 al corte&hellip;<\/p>\n","protected":false},"author":2,"featured_media":25386,"comment_status":"closed","ping_status":"open","sticky":false,"template":"","format":"standard","meta":{"_lmt_disableupdate":"","_lmt_disable":"","_jetpack_memberships_contains_paid_content":false,"footnotes":""},"categories":[109,47],"tags":[1512],"class_list":["post-25385","post","type-post","status-publish","format-standard","has-post-thumbnail","hentry","category-minuto-a-minuto","category-zona-gris","tag-coronavirus-oaxaca"],"jetpack_featured_media_url":"https:\/\/zonaroja.com.mx\/wp-content\/uploads\/2021\/03\/SSO-1-2-1.jpeg","jetpack_sharing_enabled":true,"_links":{"self":[{"href":"https:\/\/zonaroja.com.mx\/index.php?rest_route=\/wp\/v2\/posts\/25385","targetHints":{"allow":["GET"]}}],"collection":[{"href":"https:\/\/zonaroja.com.mx\/index.php?rest_route=\/wp\/v2\/posts"}],"about":[{"href":"https:\/\/zonaroja.com.mx\/index.php?rest_route=\/wp\/v2\/types\/post"}],"author":[{"embeddable":true,"href":"https:\/\/zonaroja.com.mx\/index.php?rest_route=\/wp\/v2\/users\/2"}],"replies":[{"embeddable":true,"href":"https:\/\/zonaroja.com.mx\/index.php?rest_route=%2Fwp%2Fv2%2Fcomments&post=25385"}],"version-history":[{"count":1,"href":"https:\/\/zonaroja.com.mx\/index.php?rest_route=\/wp\/v2\/posts\/25385\/revisions"}],"predecessor-version":[{"id":25387,"href":"https:\/\/zonaroja.com.mx\/index.php?rest_route=\/wp\/v2\/posts\/25385\/revisions\/25387"}],"wp:featuredmedia":[{"embeddable":true,"href":"https:\/\/zonaroja.com.mx\/index.php?rest_route=\/wp\/v2\/media\/25386"}],"wp:attachment":[{"href":"https:\/\/zonaroja.com.mx\/index.php?rest_route=%2Fwp%2Fv2%2Fmedia&parent=25385"}],"wp:term":[{"taxonomy":"category","embeddable":true,"href":"https:\/\/zonaroja.com.mx\/index.php?rest_route=%2Fwp%2Fv2%2Fcategories&post=25385"},{"taxonomy":"post_tag","embeddable":true,"href":"https:\/\/zonaroja.com.mx\/index.php?rest_route=%2Fwp%2Fv2%2Ftags&post=25385"}],"curies":[{"name":"wp","href":"https:\/\/api.w.org\/{rel}","templated":true}]}}