{"id":25388,"date":"2021-03-31T22:19:46","date_gmt":"2021-04-01T04:19:46","guid":{"rendered":"http:\/\/www.zonaroja.com.mx\/?p=25388"},"modified":"2021-03-31T22:19:49","modified_gmt":"2021-04-01T04:19:49","slug":"ante-cerrazon-de-los-sso-e-incumplimiento-de-funcionarios-seguira-planton","status":"publish","type":"post","link":"https:\/\/zonaroja.com.mx\/?p=25388","title":{"rendered":"Ante cerraz\u00f3n de los SSO e incumplimiento de funcionarios, seguir\u00e1 \u201cplant\u00f3n\u201d"},"content":{"rendered":"\n<p>Ismael Garc\u00eda M.\/Zona Roja.<\/p>\n\n\n\n<p>Oaxaca de Ju\u00e1rez, Oax., 31 de marzo de 2021.- Ante la cerraz\u00f3n de los Servicios de Salud de Oaxaca (SSO) e incumplimiento de funcionarios de la Secretar\u00eda General de Gobierno, el Sindicato Independiente del Sector Salud (SITTS) determin\u00f3 hoy continuar su paro de labores.<\/p>\n\n\n\n<p>\u201cAnte la falta de seriedad de los Servicios de Salud y del Gobierno del Estado y en un acto de buena fe, convocamos a esta reuni\u00f3n porque ya se hab\u00eda llegado a unos acuerdos; estar\u00eda la Segego, el director de Administraci\u00f3n de los SSO, pero solamente viene un representante.<\/p>\n\n\n\n<p>\u201cHab\u00edamos llegado a un acuerdo para que se generaran las condiciones para ver la contrataci\u00f3n de los ex trabajadores del Seguro Popular. Ante esta falta de seriedad, la lucha sigue; no nos vamos a levantar, nos vamos a seguir en la lucha\u201d.<\/p>\n\n\n\n<p>Lo anterior lo manifest\u00f3 Mar\u00eda del Carmen Noriega Ag\u00fcero, secretaria General del gremio, durante la conferencia de prensa en que presuntamente estar\u00edan titulares de los SSO y de la Segego.<\/p>\n\n\n\n<p>Sin embargo, s\u00f3lo acudi\u00f3 el asesor del secretario Juan Carlos M\u00e1rquez Heine, lo que los trabajadores consideraron una burla, por lo cual determinaron seguir con la \u201ctoma\u201d de oficinas tanto en el Centro Hist\u00f3rico como en la colonia Reforma de la capital.<\/p>\n\n\n\n<figure class=\"wp-block-embed-twitter wp-block-embed is-type-rich is-provider-twitter\"><div class=\"wp-block-embed__wrapper\">\n<div class=\"twitter-tweet\"><blockquote class=\"twitter-tweet\" data-lang=\"es\"><p lang=\"es\" dir=\"ltr\"><a href=\"https:\/\/twitter.com\/hashtag\/%C3%9AltimoMinuto?src=hash&amp;ref_src=twsrc%5Etfw\">#\u00daltimoMinuto<\/a> <br>Integrantes del Sindicato Independiente de Trabajadores del Sector Salud anuncian que, debido a los incumplimientos del titular de los <a href=\"https:\/\/twitter.com\/SSO_GobOax?ref_src=twsrc%5Etfw\">@SSO_GobOax<\/a>, <a href=\"https:\/\/twitter.com\/JC_MarquezH?ref_src=twsrc%5Etfw\">@JC_MarquezH<\/a>, y de la <a href=\"https:\/\/twitter.com\/SEGEGO_GobOax?ref_src=twsrc%5Etfw\">@SEGEGO_GobOax<\/a>, mantendr\u00e1n su \u201cplant\u00f3n\u201d en oficinas de la dependencia. <a href=\"https:\/\/t.co\/o2P51Zj4pz\">pic.twitter.com\/o2P51Zj4pz<\/a><\/p>&mdash; Zona Roja Oaxaca (@Zona_Roja_Oax) <a href=\"https:\/\/twitter.com\/Zona_Roja_Oax\/status\/1377423510688182272?ref_src=twsrc%5Etfw\">1 de abril de 2021<\/a><\/blockquote><\/div>\n<\/div><\/figure>\n\n\n\n<p>En presencia de V\u00edctor Hugo Carrero, asesor jur\u00eddico del SITSS; Guillermo Cabral Ballesteros, asesor del secretario de Salud, y en calidad de observador derechos humanos, el abogado Pedro Sosa Guti\u00e9rrez, los paristas calificaron como mentiroso a M\u00e1rquez Heine.<\/p>\n\n\n\n<p>El asesor justific\u00f3 que ha habido varias reuniones al respecto pero \u201cpor temas que no carecen de importancia que estemos o no estemos, el director jur\u00eddico est\u00e1 por llegar; pero m\u00e1s que nada, creo que lo importante es la soluci\u00f3n r\u00e1pida a sus peticiones.<\/p>\n\n\n\n<p>\u201cLa Secretar\u00eda, desde que iniciamos los di\u00e1logos, ha estado puntualmente ha estado trabajando para generar los conductos para llegar a un buen prop\u00f3sito\u201d, lo que gener\u00f3 m\u00e1s rechazos y gritos de sindicalizados.<\/p>\n\n\n\n<p>Por lo tanto, despu\u00e9s de 23 d\u00edas, el paro y \u201ctoma\u201d de oficinas continuar\u00e1 durante la Semana Santa.<\/p>\n","protected":false},"excerpt":{"rendered":"<p>Ismael Garc\u00eda M.\/Zona Roja. Oaxaca de Ju\u00e1rez, Oax., 31 de marzo de 2021.- Ante la&hellip;<\/p>\n","protected":false},"author":2,"featured_media":25389,"comment_status":"closed","ping_status":"open","sticky":false,"template":"","format":"standard","meta":{"_lmt_disableupdate":"","_lmt_disable":"","_jetpack_memberships_contains_paid_content":false,"footnotes":""},"categories":[109,47],"tags":[1005],"class_list":["post-25388","post","type-post","status-publish","format-standard","has-post-thumbnail","hentry","category-minuto-a-minuto","category-zona-gris","tag-servicios-de-salud-de-oaxaca-sso"],"jetpack_featured_media_url":"https:\/\/zonaroja.com.mx\/wp-content\/uploads\/2021\/03\/Conferencia-SITSS.jpg","jetpack_sharing_enabled":true,"_links":{"self":[{"href":"https:\/\/zonaroja.com.mx\/index.php?rest_route=\/wp\/v2\/posts\/25388","targetHints":{"allow":["GET"]}}],"collection":[{"href":"https:\/\/zonaroja.com.mx\/index.php?rest_route=\/wp\/v2\/posts"}],"about":[{"href":"https:\/\/zonaroja.com.mx\/index.php?rest_route=\/wp\/v2\/types\/post"}],"author":[{"embeddable":true,"href":"https:\/\/zonaroja.com.mx\/index.php?rest_route=\/wp\/v2\/users\/2"}],"replies":[{"embeddable":true,"href":"https:\/\/zonaroja.com.mx\/index.php?rest_route=%2Fwp%2Fv2%2Fcomments&post=25388"}],"version-history":[{"count":1,"href":"https:\/\/zonaroja.com.mx\/index.php?rest_route=\/wp\/v2\/posts\/25388\/revisions"}],"predecessor-version":[{"id":25390,"href":"https:\/\/zonaroja.com.mx\/index.php?rest_route=\/wp\/v2\/posts\/25388\/revisions\/25390"}],"wp:featuredmedia":[{"embeddable":true,"href":"https:\/\/zonaroja.com.mx\/index.php?rest_route=\/wp\/v2\/media\/25389"}],"wp:attachment":[{"href":"https:\/\/zonaroja.com.mx\/index.php?rest_route=%2Fwp%2Fv2%2Fmedia&parent=25388"}],"wp:term":[{"taxonomy":"category","embeddable":true,"href":"https:\/\/zonaroja.com.mx\/index.php?rest_route=%2Fwp%2Fv2%2Fcategories&post=25388"},{"taxonomy":"post_tag","embeddable":true,"href":"https:\/\/zonaroja.com.mx\/index.php?rest_route=%2Fwp%2Fv2%2Ftags&post=25388"}],"curies":[{"name":"wp","href":"https:\/\/api.w.org\/{rel}","templated":true}]}}