{"id":2539,"date":"2019-07-26T18:01:22","date_gmt":"2019-07-26T23:01:22","guid":{"rendered":"http:\/\/www.zonaroja.com.mx\/?p=2539"},"modified":"2019-07-26T18:01:24","modified_gmt":"2019-07-26T23:01:24","slug":"geo-meneses-y-su-amuleto-contra-el-mal-de-amores-en-el-teatro-alcala","status":"publish","type":"post","link":"https:\/\/zonaroja.com.mx\/?p=2539","title":{"rendered":"Geo Meneses y su \u201cAmuleto contra el mal de amores\u201d, en el teatro Alcal\u00e1"},"content":{"rendered":"\n<p>Evlin Arag\u00f3n<\/p>\n\n\n\n<p>Oaxaca de\nJu\u00e1rez, Oax., 26 de julio de 2019.- La cantante oaxaque\u00f1a Georgina Meneses se\npresentar\u00e1 esta s\u00e1bado en punto de las 20:00 horas en el teatro \u201cMacedonio\nAlcal\u00e1\u201d de la capital del estado, en el marco de las festividades de la\nGuelaguetza,&nbsp; con su concierto titulado\n\u201cAmuleto contra el mal de amores\u201d.<\/p>\n\n\n\n<p>As\u00ed lo dio a\nconocer en conferencia de prensa, en donde explic\u00f3 que este espect\u00e1culo cada\ncanci\u00f3n se convertir\u00e1 en una p\u00f3cima para curar y sanar las heridas del alma que\ndeja la ausencia, las perdidas y el desamor. <\/p>\n\n\n\n<p>\u201cEs un\narchivo hist\u00f3rico musical que rememora a los m\u00e1s grandes compositores de\nnuestra tierra oaxaque\u00f1a&nbsp; y de nuestro\npa\u00eds, que va del huapango a la canci\u00f3n ranchera\u201d, dijo.<\/p>\n\n\n\n<p>Destac\u00f3 que\nestar\u00e1 acompa\u00f1ada de Jos\u00e9 Torres Cisneros al piano, Marco Dur\u00e1n en la guitarra,\nadem\u00e1s de Rolando Herrera y Luis Bravo, con quienes interpretar\u00e1 temas de Jos\u00e9\nAlfredo Jim\u00e9nez, Alfonso Esparza Oteo, \u00c1lvaro Carrillo, \u201cTata Nacho\u201d y Chu\nRasgado, adem\u00e1s de canciones oaxaque\u00f1as emblem\u00e1ticas, para cautivar a quienes\nasistan a su espect\u00e1culo de este s\u00e1bado en la capital oaxaque\u00f1a. <\/p>\n\n\n\n<p>Con nueve producciones\nque dan fe del talento de la oaxaque\u00f1a, la mayor\u00eda de ellas dedicadas a\ncompositores locales, Geo Meneses puso de manifiesto que de forma personal la\nm\u00fasica le ha ayudado a superar los momentos m\u00e1s tristes y desoladores que ha\nvivido.&nbsp; <\/p>\n\n\n\n<p>Recientemente\nla cantante oaxaque\u00f1a acompa\u00f1\u00f3 con su voz al reconocido bailar\u00edn Isaac\nHern\u00e1ndez, as\u00ed mismo, se encuentra trabajando en una nueva producci\u00f3n al lado de\n\u201cLos Macorinos\u201d, quienes acompa\u00f1aron a Chabela Vargas en sus \u00faltimos a\u00f1os\nactiva en la m\u00fasica regional mexicana.<\/p>\n\n\n\n<p>Posterior a\nsu presentaci\u00f3n de este s\u00e1bado en la capital oaxaque\u00f1a, la cantante viajar\u00e1 a\nAustin, Texas, en donde acompa\u00f1ar\u00e1 al ballet folcl\u00f3rico local que interpretar\u00e1\nla Guelaguetza, para despu\u00e9s trasladarse a Chicago en donde recibir\u00e1 un\nreconocimiento a su destacada trayectoria<\/p>\n\n\n\n<p>Finalmente y\na pregunta expresa de la prensa, la oaxaque\u00f1a se pronunci\u00f3 por el respeto al\ntrabajo de las y los artesanos, quienes recientemente han denunciado acciones\nde plagio en sus trabajos con los textiles caracter\u00edsticos de la entidad. <\/p>\n","protected":false},"excerpt":{"rendered":"<p>Evlin Arag\u00f3n Oaxaca de Ju\u00e1rez, Oax., 26 de julio de 2019.- La cantante oaxaque\u00f1a Georgina&hellip;<\/p>\n","protected":false},"author":2,"featured_media":2540,"comment_status":"closed","ping_status":"open","sticky":false,"template":"","format":"standard","meta":{"_lmt_disableupdate":"","_lmt_disable":"","_jetpack_memberships_contains_paid_content":false,"footnotes":""},"categories":[109,46],"tags":[405],"class_list":["post-2539","post","type-post","status-publish","format-standard","has-post-thumbnail","hentry","category-minuto-a-minuto","category-zona-blanca","tag-georgina-meneses-en-concierto-oaxaca"],"jetpack_featured_media_url":"https:\/\/zonaroja.com.mx\/wp-content\/uploads\/2019\/07\/7bbeb7ac-c280-4387-a275-6b5899e587d5.jpg","jetpack_sharing_enabled":true,"_links":{"self":[{"href":"https:\/\/zonaroja.com.mx\/index.php?rest_route=\/wp\/v2\/posts\/2539","targetHints":{"allow":["GET"]}}],"collection":[{"href":"https:\/\/zonaroja.com.mx\/index.php?rest_route=\/wp\/v2\/posts"}],"about":[{"href":"https:\/\/zonaroja.com.mx\/index.php?rest_route=\/wp\/v2\/types\/post"}],"author":[{"embeddable":true,"href":"https:\/\/zonaroja.com.mx\/index.php?rest_route=\/wp\/v2\/users\/2"}],"replies":[{"embeddable":true,"href":"https:\/\/zonaroja.com.mx\/index.php?rest_route=%2Fwp%2Fv2%2Fcomments&post=2539"}],"version-history":[{"count":1,"href":"https:\/\/zonaroja.com.mx\/index.php?rest_route=\/wp\/v2\/posts\/2539\/revisions"}],"predecessor-version":[{"id":2541,"href":"https:\/\/zonaroja.com.mx\/index.php?rest_route=\/wp\/v2\/posts\/2539\/revisions\/2541"}],"wp:featuredmedia":[{"embeddable":true,"href":"https:\/\/zonaroja.com.mx\/index.php?rest_route=\/wp\/v2\/media\/2540"}],"wp:attachment":[{"href":"https:\/\/zonaroja.com.mx\/index.php?rest_route=%2Fwp%2Fv2%2Fmedia&parent=2539"}],"wp:term":[{"taxonomy":"category","embeddable":true,"href":"https:\/\/zonaroja.com.mx\/index.php?rest_route=%2Fwp%2Fv2%2Fcategories&post=2539"},{"taxonomy":"post_tag","embeddable":true,"href":"https:\/\/zonaroja.com.mx\/index.php?rest_route=%2Fwp%2Fv2%2Ftags&post=2539"}],"curies":[{"name":"wp","href":"https:\/\/api.w.org\/{rel}","templated":true}]}}