{"id":25391,"date":"2021-03-31T22:33:36","date_gmt":"2021-04-01T04:33:36","guid":{"rendered":"http:\/\/www.zonaroja.com.mx\/?p=25391"},"modified":"2021-03-31T23:10:02","modified_gmt":"2021-04-01T05:10:02","slug":"matan-joven-en-jicayan-muere-turista-en-zipolite-oaxaca","status":"publish","type":"post","link":"https:\/\/zonaroja.com.mx\/?p=25391","title":{"rendered":"Matan joven en Jicay\u00e1n; muere turista en Zipolite, Oaxaca"},"content":{"rendered":"\n<p>Redacci\u00f3n\/Zona Roja.<\/p>\n\n\n\n<p>Oaxaca de Ju\u00e1rez, Oax., 31 de marzo de 2021.- Un joven fue asesinado este mi\u00e9rcoles en San Pedro Jicay\u00e1n, comunidad de la regi\u00f3n de la Costa de Oaxaca, donde el fin de semana fue ultimada a machetazos una mujer.<\/p>\n\n\n\n<p>El cuerpo fue localizado en un camino de terracer\u00eda y de manera preliminar fue identificado como \u00c9dgar Ortiz L\u00f3pez, quien hab\u00eda sido reportado como desaparecido el martes, en Pinotepa Nacional; hasta el momento no se han dado a conocer las causas del fallecimiento.<\/p>\n\n\n\n<p>Tambi\u00e9n este mi\u00e9rcoles, pero en Zipolite, playa nudista perteneciente al municipio de San Pedro Pochutla, un turista norteamericano muri\u00f3 ahogado.<\/p>\n\n\n\n<p>El occiso fue identificado como Ricardo Michelle, de 49 a\u00f1os de edad, turista originario de Los \u00c1ngeles, California, Estados Unidos.<\/p>\n\n\n\n<p>Presuntamente desoy\u00f3 las advertencias de los salvavidas e ingres\u00f3 a nadar a mar abierto, pese a las altas olas y los vientos.<\/p>\n","protected":false},"excerpt":{"rendered":"<p>Redacci\u00f3n\/Zona Roja. Oaxaca de Ju\u00e1rez, Oax., 31 de marzo de 2021.- Un joven fue asesinado&hellip;<\/p>\n","protected":false},"author":2,"featured_media":13196,"comment_status":"closed","ping_status":"open","sticky":false,"template":"","format":"standard","meta":{"_lmt_disableupdate":"","_lmt_disable":"","_jetpack_memberships_contains_paid_content":false,"footnotes":""},"categories":[109,51],"tags":[2558],"class_list":["post-25391","post","type-post","status-publish","format-standard","has-post-thumbnail","hentry","category-minuto-a-minuto","category-zona-roja","tag-san-pedro-jicayan"],"jetpack_featured_media_url":"https:\/\/zonaroja.com.mx\/wp-content\/uploads\/2020\/06\/IMG_7822.jpg","jetpack_sharing_enabled":true,"_links":{"self":[{"href":"https:\/\/zonaroja.com.mx\/index.php?rest_route=\/wp\/v2\/posts\/25391","targetHints":{"allow":["GET"]}}],"collection":[{"href":"https:\/\/zonaroja.com.mx\/index.php?rest_route=\/wp\/v2\/posts"}],"about":[{"href":"https:\/\/zonaroja.com.mx\/index.php?rest_route=\/wp\/v2\/types\/post"}],"author":[{"embeddable":true,"href":"https:\/\/zonaroja.com.mx\/index.php?rest_route=\/wp\/v2\/users\/2"}],"replies":[{"embeddable":true,"href":"https:\/\/zonaroja.com.mx\/index.php?rest_route=%2Fwp%2Fv2%2Fcomments&post=25391"}],"version-history":[{"count":2,"href":"https:\/\/zonaroja.com.mx\/index.php?rest_route=\/wp\/v2\/posts\/25391\/revisions"}],"predecessor-version":[{"id":25393,"href":"https:\/\/zonaroja.com.mx\/index.php?rest_route=\/wp\/v2\/posts\/25391\/revisions\/25393"}],"wp:featuredmedia":[{"embeddable":true,"href":"https:\/\/zonaroja.com.mx\/index.php?rest_route=\/wp\/v2\/media\/13196"}],"wp:attachment":[{"href":"https:\/\/zonaroja.com.mx\/index.php?rest_route=%2Fwp%2Fv2%2Fmedia&parent=25391"}],"wp:term":[{"taxonomy":"category","embeddable":true,"href":"https:\/\/zonaroja.com.mx\/index.php?rest_route=%2Fwp%2Fv2%2Fcategories&post=25391"},{"taxonomy":"post_tag","embeddable":true,"href":"https:\/\/zonaroja.com.mx\/index.php?rest_route=%2Fwp%2Fv2%2Ftags&post=25391"}],"curies":[{"name":"wp","href":"https:\/\/api.w.org\/{rel}","templated":true}]}}