{"id":25394,"date":"2021-04-01T07:50:08","date_gmt":"2021-04-01T13:50:08","guid":{"rendered":"http:\/\/www.zonaroja.com.mx\/?p=25394"},"modified":"2021-04-02T08:01:45","modified_gmt":"2021-04-02T14:01:45","slug":"balacera-deja-un-muerto-y-un-herido-en-pochutla-oaxaca","status":"publish","type":"post","link":"https:\/\/zonaroja.com.mx\/?p=25394","title":{"rendered":"Balacera deja un muerto y un herido en Pochutla, Oaxaca"},"content":{"rendered":"\n<p>Redacci\u00f3n\/Zona Roja.<\/p>\n\n\n\n<p>Oaxaca de Ju\u00e1rez, Oax., 1 de abril de 2021.- Una persona fallecida y otra m\u00e1s lesionada de gravedad es el saldo de un ataque armado ocurrido cerca de la media noche de ayer, en San Pedro Pochutla, municipio de la regi\u00f3n Costa de Oaxaca.<\/p>\n\n\n\n<p>De acuerdo con reportes preliminares, la balacera se registr\u00f3 en el llamado Callej\u00f3n del Beso, por parte de sujetos armados, quienes de inmediato se dieron a la fuga.<\/p>\n\n\n\n<p>La v\u00edctima mortal respondi\u00f3 en vida al nombre de Sergio M. M., de 21 a\u00f1os de edad,  por sujetos armados; el cuerpo fue identificado por su hermana Herminia y Ana L., su esposa.<\/p>\n\n\n\n<p>MUERE MOTOCICLISTA<\/p>\n\n\n\n<p>Por otra parte, alrededor de las 22:00 horas de ayer mi\u00e9rcoles, un motociclista choc\u00f3 contra la parte trasera de un autob\u00fas del transporte de pasajeros, en el bulevar Guadalupe Hinojosa, de Santa Cruz Xoxocotl\u00e1n.<\/p>\n\n\n\n<p>El joven identificado como Jos\u00e9 Gustavo P. P., era originario del estado de Puebla y hab\u00eda acudido a visitar a unos familiares; el chofer del cami\u00f3n de la l\u00ednea \u201cChoferes del Sur\u201d con n\u00famero econ\u00f3mico A-703, de nombre Sebasti\u00e1n S. V., fue detenido a fin de deslindar responsabilidades.<\/p>\n","protected":false},"excerpt":{"rendered":"<p>Redacci\u00f3n\/Zona Roja. Oaxaca de Ju\u00e1rez, Oax., 1 de abril de 2021.- Una persona fallecida y&hellip;<\/p>\n","protected":false},"author":2,"featured_media":7486,"comment_status":"closed","ping_status":"open","sticky":false,"template":"","format":"standard","meta":{"_lmt_disableupdate":"","_lmt_disable":"","_jetpack_memberships_contains_paid_content":false,"footnotes":""},"categories":[109,51],"tags":[151],"class_list":["post-25394","post","type-post","status-publish","format-standard","has-post-thumbnail","hentry","category-minuto-a-minuto","category-zona-roja","tag-san-pedro-pochutla"],"jetpack_featured_media_url":"https:\/\/zonaroja.com.mx\/wp-content\/uploads\/2020\/01\/Escena-del-crimen7.jpg","jetpack_sharing_enabled":true,"_links":{"self":[{"href":"https:\/\/zonaroja.com.mx\/index.php?rest_route=\/wp\/v2\/posts\/25394","targetHints":{"allow":["GET"]}}],"collection":[{"href":"https:\/\/zonaroja.com.mx\/index.php?rest_route=\/wp\/v2\/posts"}],"about":[{"href":"https:\/\/zonaroja.com.mx\/index.php?rest_route=\/wp\/v2\/types\/post"}],"author":[{"embeddable":true,"href":"https:\/\/zonaroja.com.mx\/index.php?rest_route=\/wp\/v2\/users\/2"}],"replies":[{"embeddable":true,"href":"https:\/\/zonaroja.com.mx\/index.php?rest_route=%2Fwp%2Fv2%2Fcomments&post=25394"}],"version-history":[{"count":3,"href":"https:\/\/zonaroja.com.mx\/index.php?rest_route=\/wp\/v2\/posts\/25394\/revisions"}],"predecessor-version":[{"id":25441,"href":"https:\/\/zonaroja.com.mx\/index.php?rest_route=\/wp\/v2\/posts\/25394\/revisions\/25441"}],"wp:featuredmedia":[{"embeddable":true,"href":"https:\/\/zonaroja.com.mx\/index.php?rest_route=\/wp\/v2\/media\/7486"}],"wp:attachment":[{"href":"https:\/\/zonaroja.com.mx\/index.php?rest_route=%2Fwp%2Fv2%2Fmedia&parent=25394"}],"wp:term":[{"taxonomy":"category","embeddable":true,"href":"https:\/\/zonaroja.com.mx\/index.php?rest_route=%2Fwp%2Fv2%2Fcategories&post=25394"},{"taxonomy":"post_tag","embeddable":true,"href":"https:\/\/zonaroja.com.mx\/index.php?rest_route=%2Fwp%2Fv2%2Ftags&post=25394"}],"curies":[{"name":"wp","href":"https:\/\/api.w.org\/{rel}","templated":true}]}}