{"id":25396,"date":"2021-04-01T08:06:09","date_gmt":"2021-04-01T14:06:09","guid":{"rendered":"http:\/\/www.zonaroja.com.mx\/?p=25396"},"modified":"2021-04-01T08:49:06","modified_gmt":"2021-04-01T14:49:06","slug":"le-piden-la-renuncia-a-salcedo-rosales-en-sspo-pero-no-oficializan","status":"publish","type":"post","link":"https:\/\/zonaroja.com.mx\/?p=25396","title":{"rendered":"Le piden la renuncia a Salcedo Rosales en SSPO, pero no oficializan"},"content":{"rendered":"\n<p>Yuridiana Sosa\/Zona Roja.<\/p>\n\n\n\n<p>Oaxaca de Ju\u00e1rez, Oax., 1 de abril de 2021.- Con poco menos de dos a\u00f1os en el cargo, a Ra\u00fal Ernesto Salcedo Rosales le fue pedida ayer por la ma\u00f1ana su renuncia al cargo de titular de la Secretar\u00eda de Seguridad P\u00fablica de Oaxaca (SSPO), lo cual coincide con la exigencia que realizaron los Polic\u00edas Estatales en su protesta.<\/p>\n\n\n\n<p>Personal de la Gubernatura confirm\u00f3 que la renuncia se recibi\u00f3 este mi\u00e9rcoles, luego de nueve d\u00edas de paro de labores y \u201ctoma\u201d del cuartel por parte de un grupo de elementos de la Polic\u00eda Estatal.<\/p>\n\n\n\n<p>Sin embargo, hasta anoche el Gobierno del Estado a\u00fan no hab\u00eda confirmado la dimisi\u00f3n y tampoco hay un perfilado para ocupar dicho cargo; la noche del martes anterior, Ra\u00fal Castillejos Sol\u00eds reemplaz\u00f3 a Francisco Santiago Jos\u00e9 como comisionado de la Polic\u00eda Estatal, como parte de las exigencias de los uniformados inconformes.<\/p>\n\n\n\n<p>El 25 de junio de 2019, Ra\u00fal Ernesto Salcedo Rosales rindi\u00f3 protesta como el nuevo secretario de Seguridad en Oaxaca, en relevo Jos\u00e9 Raymundo Tu\u00f1\u00f3n J\u00e1uregui, quien en ese momento se integr\u00f3 a la coordinaci\u00f3n de Asesores para desempe\u00f1ar tareas de evaluaci\u00f3n en materia de seguridad.<\/p>\n\n\n\n<p>Salcedo Rosales cuenta con un antecedente laboral de 20 a\u00f1os de colaboraci\u00f3n en el anterior Centro de Investigaci\u00f3n y Seguridad Nacional (Cisen), hoy Centro Nacional de Inteligencia.<\/p>\n\n\n\n<p>Fungi\u00f3 como subdelegado General del Cisen en Jalisco, Delegado Estatal del Centro de Investigaci\u00f3n y Seguridad Nacional en Zacatecas; en la Delegaci\u00f3n Metropolitana de la Ciudad de M\u00e9xico y Comisionado a la Direcci\u00f3n de Investigaci\u00f3n en Oficinas Centrales del Cisen y Jefe de Estaci\u00f3n del Centro Nacional de Inteligencia en Oaxaca.<\/p>\n","protected":false},"excerpt":{"rendered":"<p>Yuridiana Sosa\/Zona Roja. Oaxaca de Ju\u00e1rez, Oax., 1 de abril de 2021.- Con poco menos&hellip;<\/p>\n","protected":false},"author":2,"featured_media":25397,"comment_status":"closed","ping_status":"open","sticky":false,"template":"","format":"standard","meta":{"_lmt_disableupdate":"","_lmt_disable":"","_jetpack_memberships_contains_paid_content":false,"footnotes":""},"categories":[109,47],"tags":[231],"class_list":["post-25396","post","type-post","status-publish","format-standard","has-post-thumbnail","hentry","category-minuto-a-minuto","category-zona-gris","tag-raul-ernesto-salcedo-rosales"],"jetpack_featured_media_url":"https:\/\/zonaroja.com.mx\/wp-content\/uploads\/2021\/04\/Raul-Ernesto-Salcedo-2.jpg","jetpack_sharing_enabled":true,"_links":{"self":[{"href":"https:\/\/zonaroja.com.mx\/index.php?rest_route=\/wp\/v2\/posts\/25396","targetHints":{"allow":["GET"]}}],"collection":[{"href":"https:\/\/zonaroja.com.mx\/index.php?rest_route=\/wp\/v2\/posts"}],"about":[{"href":"https:\/\/zonaroja.com.mx\/index.php?rest_route=\/wp\/v2\/types\/post"}],"author":[{"embeddable":true,"href":"https:\/\/zonaroja.com.mx\/index.php?rest_route=\/wp\/v2\/users\/2"}],"replies":[{"embeddable":true,"href":"https:\/\/zonaroja.com.mx\/index.php?rest_route=%2Fwp%2Fv2%2Fcomments&post=25396"}],"version-history":[{"count":2,"href":"https:\/\/zonaroja.com.mx\/index.php?rest_route=\/wp\/v2\/posts\/25396\/revisions"}],"predecessor-version":[{"id":25409,"href":"https:\/\/zonaroja.com.mx\/index.php?rest_route=\/wp\/v2\/posts\/25396\/revisions\/25409"}],"wp:featuredmedia":[{"embeddable":true,"href":"https:\/\/zonaroja.com.mx\/index.php?rest_route=\/wp\/v2\/media\/25397"}],"wp:attachment":[{"href":"https:\/\/zonaroja.com.mx\/index.php?rest_route=%2Fwp%2Fv2%2Fmedia&parent=25396"}],"wp:term":[{"taxonomy":"category","embeddable":true,"href":"https:\/\/zonaroja.com.mx\/index.php?rest_route=%2Fwp%2Fv2%2Fcategories&post=25396"},{"taxonomy":"post_tag","embeddable":true,"href":"https:\/\/zonaroja.com.mx\/index.php?rest_route=%2Fwp%2Fv2%2Ftags&post=25396"}],"curies":[{"name":"wp","href":"https:\/\/api.w.org\/{rel}","templated":true}]}}