{"id":25400,"date":"2021-04-01T08:18:45","date_gmt":"2021-04-01T14:18:45","guid":{"rendered":"http:\/\/www.zonaroja.com.mx\/?p=25400"},"modified":"2021-04-01T08:18:48","modified_gmt":"2021-04-01T14:18:48","slug":"entregan-mobiliario-y-equipos-a-escuelas-de-los-valles-centrales","status":"publish","type":"post","link":"https:\/\/zonaroja.com.mx\/?p=25400","title":{"rendered":"Entregan mobiliario y equipos a escuelas de los Valles Centrales"},"content":{"rendered":"\n<p>Redacci\u00f3n\/Zona Roja.<\/p>\n\n\n\n<p>Oaxaca de Ju\u00e1rez, Oax., 1 de abril de 2021.- El Instituto Estatal de Educaci\u00f3n P\u00fablica de Oaxaca (IEEPO) entreg\u00f3 mobiliario y equipos a planteles de la regi\u00f3n Valles Centrales del estado.<\/p>\n\n\n\n<p>De acuerdo con la instituci\u00f3n, se benefici\u00f3 a dos mil 700 escolares y 139 maestras y maestros de instituciones ubicadas en la Villa de Zaachila, La Ci\u00e9nega de Zimatl\u00e1n, Santa Catarina Quian\u00e9, Zimatl\u00e1n de \u00c1lvarez, Cuil\u00e1pam de Guerrero, San Pedro Ixtlahuaca, Santa Cruz Xoxocotl\u00e1n y Santa Agust\u00edn Yatareni, con una inversi\u00f3n total de 1.6 millones de pesos.<\/p>\n\n\n\n<p>El mobiliario y equipo, entregado en el marco de la gira de trabajo realizada por el gobernador Alejandro Murat Hinojosa consisti\u00f3 en impresoras, lotes de mobiliario, pizarrones, sillas, computadoras de escritorio y port\u00e1tiles, pantallas, instrumentos de banda de guerra, material de aseo, deportivo y de oficina, botes de pintura y ventiladores, entre otros.<\/p>\n\n\n\n<p>El director general del IEEPO, Francisco \u00c1ngel Villarreal destac\u00f3 que es prioridad del mandatario estatal la atenci\u00f3n permanente del rubro educativo; de ah\u00ed que se realiza un importante trabajo en materia de equipamiento escolar, as\u00ed como de respuestas a las necesidades de las escuelas.<\/p>\n\n\n\n<p>Durante la entrega del mobiliario y equipo, el delegado de Servicios Regionales en Valles Centrales, Julio C\u00e9sar Alonso Ch\u00e1vez, refrend\u00f3 el compromiso del Instituto de fortalecer una educaci\u00f3n de calidad y de apoyar tanto a profesores como a educandos en el fortalecimiento del desempe\u00f1o escolar.<\/p>\n\n\n\n<p>En entrevista, el maestro Mauro Alderete Garc\u00eda, de la Escuela Primaria General L\u00e1zaro C\u00e1rdenas, en Santa Cruz Xoxocotl\u00e1n, con m\u00e1s de 20 a\u00f1os de existencia, se\u00f1al\u00f3 que los apoyos recibidos ser\u00e1n de gran ayuda para el plantel ya que permitir\u00e1n fortalecer las actividades acad\u00e9micas, mejorar las condiciones y atenci\u00f3n a las ni\u00f1as y ni\u00f1os.<\/p>\n\n\n\n<p>Tambi\u00e9n, la maestra Gabriela Patricia Santiago Aquino, del Jard\u00edn de Ni\u00f1os Julieta Fierro Torres Gossman, de Cuilapam de Guerrero, manifest\u00f3 su agradecimiento al gobernador Alejandro Murat y al director general del IEEPO, Francisco \u00c1ngel Villarreal en quienes reconoci\u00f3 su compromiso de fortalecer una educaci\u00f3n de calidad.<\/p>\n","protected":false},"excerpt":{"rendered":"<p>Redacci\u00f3n\/Zona Roja. Oaxaca de Ju\u00e1rez, Oax., 1 de abril de 2021.- El Instituto Estatal de&hellip;<\/p>\n","protected":false},"author":2,"featured_media":25401,"comment_status":"closed","ping_status":"open","sticky":false,"template":"","format":"standard","meta":{"_lmt_disableupdate":"","_lmt_disable":"","_jetpack_memberships_contains_paid_content":false,"footnotes":""},"categories":[109,46],"tags":[599],"class_list":["post-25400","post","type-post","status-publish","format-standard","has-post-thumbnail","hentry","category-minuto-a-minuto","category-zona-blanca","tag-instituto-estatal-de-educacion-publica-de-oaxaca"],"jetpack_featured_media_url":"https:\/\/zonaroja.com.mx\/wp-content\/uploads\/2021\/04\/IEEPO-Mobiliario-2.jpg","jetpack_sharing_enabled":true,"_links":{"self":[{"href":"https:\/\/zonaroja.com.mx\/index.php?rest_route=\/wp\/v2\/posts\/25400","targetHints":{"allow":["GET"]}}],"collection":[{"href":"https:\/\/zonaroja.com.mx\/index.php?rest_route=\/wp\/v2\/posts"}],"about":[{"href":"https:\/\/zonaroja.com.mx\/index.php?rest_route=\/wp\/v2\/types\/post"}],"author":[{"embeddable":true,"href":"https:\/\/zonaroja.com.mx\/index.php?rest_route=\/wp\/v2\/users\/2"}],"replies":[{"embeddable":true,"href":"https:\/\/zonaroja.com.mx\/index.php?rest_route=%2Fwp%2Fv2%2Fcomments&post=25400"}],"version-history":[{"count":1,"href":"https:\/\/zonaroja.com.mx\/index.php?rest_route=\/wp\/v2\/posts\/25400\/revisions"}],"predecessor-version":[{"id":25402,"href":"https:\/\/zonaroja.com.mx\/index.php?rest_route=\/wp\/v2\/posts\/25400\/revisions\/25402"}],"wp:featuredmedia":[{"embeddable":true,"href":"https:\/\/zonaroja.com.mx\/index.php?rest_route=\/wp\/v2\/media\/25401"}],"wp:attachment":[{"href":"https:\/\/zonaroja.com.mx\/index.php?rest_route=%2Fwp%2Fv2%2Fmedia&parent=25400"}],"wp:term":[{"taxonomy":"category","embeddable":true,"href":"https:\/\/zonaroja.com.mx\/index.php?rest_route=%2Fwp%2Fv2%2Fcategories&post=25400"},{"taxonomy":"post_tag","embeddable":true,"href":"https:\/\/zonaroja.com.mx\/index.php?rest_route=%2Fwp%2Fv2%2Ftags&post=25400"}],"curies":[{"name":"wp","href":"https:\/\/api.w.org\/{rel}","templated":true}]}}