{"id":25406,"date":"2021-04-01T08:45:35","date_gmt":"2021-04-01T14:45:35","guid":{"rendered":"http:\/\/www.zonaroja.com.mx\/?p=25406"},"modified":"2021-04-01T08:45:38","modified_gmt":"2021-04-01T14:45:38","slug":"vinculan-a-proceso-y-encarcelan-a-tres-sujetos-armados-de-la-capital-de-oaxaca","status":"publish","type":"post","link":"https:\/\/zonaroja.com.mx\/?p=25406","title":{"rendered":"Vinculan a proceso y encarcelan a tres sujetos armados de la capital de Oaxaca"},"content":{"rendered":"\n<p>Redacci\u00f3n\/Zona Roja.<\/p>\n\n\n\n<p>Oaxaca de Ju\u00e1rez, Oax., 1 de abril de 2021.- El Ministerio P\u00fablico de la Fiscal\u00eda General de la Rep\u00fablica (FGR) en Oaxaca, obtuvo auto de vinculaci\u00f3n a proceso contra tres personas, por la probable comisi\u00f3n del delito de portaci\u00f3n de arma de fuego del uso exclusivo de las fuerzas armadas y posesi\u00f3n de cartuchos para arma de fuego tambi\u00e9n de uso exclusivo.<\/p>\n\n\n\n<p>Los sujetos fueron identificados como Baldomero R. H., de 23 a\u00f1os de edad; Sim\u00f3n R. P., de 22 a\u00f1os, y Esteban R. P., de 22 a\u00f1os, quienes fueron detenidos el domingo por la tarde en la avenida Perif\u00e9rico casi esquina con Trujano de la ciudad de Oaxaca, con un fusil Ar-15 y 15 cartuchos \u00fatiles.<\/p>\n\n\n\n<p>Viajaban a bordo de un coche marca Nissan, con placas de circulaci\u00f3n W77-BEA de la Ciudad de M\u00e9xico, cuando fueron interceptados por polic\u00edas municipales y estatales debido a que presuntamente viajaban en estado de ebriedad; al revisar la unidad, en la cajuela se hall\u00f3 el arma larga, sin permiso de portaci\u00f3n.<\/p>\n\n\n\n<p>En un comunicado, la Fiscal\u00eda General de la Rep\u00fablica inform\u00f3 que el Ministerio P\u00fablico Federal (MPF) aport\u00f3 los datos de prueba, que permitieron obtener del Juez de Control el auto de vinculaci\u00f3n a proceso en contra de los detenidos, por los delitos en menci\u00f3n.<\/p>\n\n\n\n<p>Se les impuso la medida cautelar de prisi\u00f3n preventiva oficiosa, misma que compurgar\u00e1n en el Centro Federal de Readaptaci\u00f3n Social (Cefereso) 13, en Miahuatl\u00e1n de Porfirio D\u00edaz; asimismo, se fij\u00f3 un plazo de dos meses para el cierre de la investigaci\u00f3n complementaria.<\/p>\n","protected":false},"excerpt":{"rendered":"<p>Redacci\u00f3n\/Zona Roja. Oaxaca de Ju\u00e1rez, Oax., 1 de abril de 2021.- El Ministerio P\u00fablico de&hellip;<\/p>\n","protected":false},"author":2,"featured_media":25407,"comment_status":"closed","ping_status":"open","sticky":false,"template":"","format":"standard","meta":{"_lmt_disableupdate":"","_lmt_disable":"","_jetpack_memberships_contains_paid_content":false,"footnotes":""},"categories":[109,47],"tags":[148],"class_list":["post-25406","post","type-post","status-publish","format-standard","has-post-thumbnail","hentry","category-minuto-a-minuto","category-zona-gris","tag-oaxaca-de-juarez"],"jetpack_featured_media_url":"https:\/\/zonaroja.com.mx\/wp-content\/uploads\/2021\/04\/Armados-ciudad-de-Oaxaca.jpg","jetpack_sharing_enabled":true,"_links":{"self":[{"href":"https:\/\/zonaroja.com.mx\/index.php?rest_route=\/wp\/v2\/posts\/25406","targetHints":{"allow":["GET"]}}],"collection":[{"href":"https:\/\/zonaroja.com.mx\/index.php?rest_route=\/wp\/v2\/posts"}],"about":[{"href":"https:\/\/zonaroja.com.mx\/index.php?rest_route=\/wp\/v2\/types\/post"}],"author":[{"embeddable":true,"href":"https:\/\/zonaroja.com.mx\/index.php?rest_route=\/wp\/v2\/users\/2"}],"replies":[{"embeddable":true,"href":"https:\/\/zonaroja.com.mx\/index.php?rest_route=%2Fwp%2Fv2%2Fcomments&post=25406"}],"version-history":[{"count":1,"href":"https:\/\/zonaroja.com.mx\/index.php?rest_route=\/wp\/v2\/posts\/25406\/revisions"}],"predecessor-version":[{"id":25408,"href":"https:\/\/zonaroja.com.mx\/index.php?rest_route=\/wp\/v2\/posts\/25406\/revisions\/25408"}],"wp:featuredmedia":[{"embeddable":true,"href":"https:\/\/zonaroja.com.mx\/index.php?rest_route=\/wp\/v2\/media\/25407"}],"wp:attachment":[{"href":"https:\/\/zonaroja.com.mx\/index.php?rest_route=%2Fwp%2Fv2%2Fmedia&parent=25406"}],"wp:term":[{"taxonomy":"category","embeddable":true,"href":"https:\/\/zonaroja.com.mx\/index.php?rest_route=%2Fwp%2Fv2%2Fcategories&post=25406"},{"taxonomy":"post_tag","embeddable":true,"href":"https:\/\/zonaroja.com.mx\/index.php?rest_route=%2Fwp%2Fv2%2Ftags&post=25406"}],"curies":[{"name":"wp","href":"https:\/\/api.w.org\/{rel}","templated":true}]}}