{"id":25410,"date":"2021-04-01T10:48:39","date_gmt":"2021-04-01T16:48:39","guid":{"rendered":"http:\/\/www.zonaroja.com.mx\/?p=25410"},"modified":"2021-04-01T10:48:41","modified_gmt":"2021-04-01T16:48:41","slug":"feminicidio-de-reina-isabel-estamos-hartas-de-no-poder-vivir-tranquilas","status":"publish","type":"post","link":"https:\/\/zonaroja.com.mx\/?p=25410","title":{"rendered":"Feminicidio de Reina Isabel: \u201cestamos hartas de no poder vivir tranquilas\u201d"},"content":{"rendered":"\n<p>Evlin Arag\u00f3n\/Zona Roja.<\/p>\n\n\n\n<p>La colectiva feminista \u201cMujeres de humo\u201d lament\u00f3 la falta de seguridad para las mujeres en el municipio de Putla Villa de Guerrero y en  todo el estado de Oaxaca, donde las mujeres no pueden vivir tranquilas y adem\u00e1s se enfrentan a la impunidad por parte de las autoridades.\u00a0<\/p>\n\n\n\n<p>Lo anterior tras el asesinato Reina Isabel que se registr\u00f3 este martes 30 de marzo, luego de que un d\u00eda antes su familia la hab\u00eda reportado como desaparecida, tras salir de su vivienda en b\u00fasqueda de le\u00f1a para su fog\u00f3n, y no volver m\u00e1s.&nbsp;<\/p>\n\n\n\n<p>La mujer desapareci\u00f3 por la ma\u00f1ana del d\u00eda lunes, aproximadamente a las 11:00 del d\u00eda, en la comunidad de San Miguel Reyes, perteneciente al municipio de Putla Villa de Guerrero.&nbsp;<\/p>\n\n\n\n<p>\u201cEstamos hartas de no poder vivir tranquilas, de que este tipo de actos queden en completa impunidad y de que las autoridades no hagan su trabajo; mientras la polic\u00eda reprime y criminaliza a la juventud los delincuentes violan, asesinan y desaparecen mujeres\u201d, refiri\u00f3 la colectiva.&nbsp;<\/p>\n\n\n\n<p>Las activistas reprocharon que el municipio se haya vuelto inseguro debido a las constantes negligencias por parte de la autoridad, encabezada por Manuel Guzm\u00e1n, a quien exigieron dar con el paradero de los responsables y sancionarlos con todo el peso de la ley.&nbsp;<\/p>\n\n\n\n<p>En este sentido, denunciaron que, apenas el fin de semana, tres mujeres fueron v\u00edctimas de un tiroteo mientras se encontraban en un establecimiento, ubicado en el centro de la localidad y un costado de la presidencia municipal, en donde siempre hay presencia de la polic\u00eda<\/p>\n\n\n\n<p>Despu\u00e9s del suceso, fueron trasladadas al Hospital \u201c30 camas\u201d, se sabe que una de ellas se encuentra herida de gravedad y su vida est\u00e1 en riesgo.&nbsp;<\/p>\n\n\n\n<p>Ante ello, las feministas exigieron espacios seguros y libres para las mujeres de la localidad, as\u00ed como una actuaci\u00f3n contundente para garantizarles una vida sin violencia. Adem\u00e1s de exigir justicia para Isabel.&nbsp;<\/p>\n\n\n\n<p>Al llamado de justicia se uni\u00f3 la familia de la mujer, quienes lamentaron que en un poblado tan peque\u00f1o alguien haya lastimado a la madre de familia a quien arrancaron de su lado, por lo que exigieron la identificaci\u00f3n de los responsables del feminicidio y el castigo con todo el peso de la ley.<\/p>\n\n\n\n<p>La violencia de g\u00e9nero y feminicida vive una ola de casos denunciados en la \u00faltima semana en la entidad oaxaque\u00f1a, siendo el asesinato violento de Reina Isabel el m\u00e1s reciente de los hechos difundidos en las redes sociales y medios de comunicaci\u00f3n.&nbsp;<\/p>\n","protected":false},"excerpt":{"rendered":"<p>Evlin Arag\u00f3n\/Zona Roja. La colectiva feminista \u201cMujeres de humo\u201d lament\u00f3 la falta de seguridad para&hellip;<\/p>\n","protected":false},"author":2,"featured_media":25411,"comment_status":"closed","ping_status":"open","sticky":false,"template":"","format":"standard","meta":{"_lmt_disableupdate":"","_lmt_disable":"","_jetpack_memberships_contains_paid_content":false,"footnotes":""},"categories":[109,47],"tags":[610],"class_list":["post-25410","post","type-post","status-publish","format-standard","has-post-thumbnail","hentry","category-minuto-a-minuto","category-zona-gris","tag-feminicidios-oaxaca"],"jetpack_featured_media_url":"https:\/\/zonaroja.com.mx\/wp-content\/uploads\/2021\/04\/Justicia-para-Isabel.jpg","jetpack_sharing_enabled":true,"_links":{"self":[{"href":"https:\/\/zonaroja.com.mx\/index.php?rest_route=\/wp\/v2\/posts\/25410","targetHints":{"allow":["GET"]}}],"collection":[{"href":"https:\/\/zonaroja.com.mx\/index.php?rest_route=\/wp\/v2\/posts"}],"about":[{"href":"https:\/\/zonaroja.com.mx\/index.php?rest_route=\/wp\/v2\/types\/post"}],"author":[{"embeddable":true,"href":"https:\/\/zonaroja.com.mx\/index.php?rest_route=\/wp\/v2\/users\/2"}],"replies":[{"embeddable":true,"href":"https:\/\/zonaroja.com.mx\/index.php?rest_route=%2Fwp%2Fv2%2Fcomments&post=25410"}],"version-history":[{"count":1,"href":"https:\/\/zonaroja.com.mx\/index.php?rest_route=\/wp\/v2\/posts\/25410\/revisions"}],"predecessor-version":[{"id":25412,"href":"https:\/\/zonaroja.com.mx\/index.php?rest_route=\/wp\/v2\/posts\/25410\/revisions\/25412"}],"wp:featuredmedia":[{"embeddable":true,"href":"https:\/\/zonaroja.com.mx\/index.php?rest_route=\/wp\/v2\/media\/25411"}],"wp:attachment":[{"href":"https:\/\/zonaroja.com.mx\/index.php?rest_route=%2Fwp%2Fv2%2Fmedia&parent=25410"}],"wp:term":[{"taxonomy":"category","embeddable":true,"href":"https:\/\/zonaroja.com.mx\/index.php?rest_route=%2Fwp%2Fv2%2Fcategories&post=25410"},{"taxonomy":"post_tag","embeddable":true,"href":"https:\/\/zonaroja.com.mx\/index.php?rest_route=%2Fwp%2Fv2%2Ftags&post=25410"}],"curies":[{"name":"wp","href":"https:\/\/api.w.org\/{rel}","templated":true}]}}