{"id":25413,"date":"2021-04-01T10:54:55","date_gmt":"2021-04-01T16:54:55","guid":{"rendered":"http:\/\/www.zonaroja.com.mx\/?p=25413"},"modified":"2021-04-01T10:54:58","modified_gmt":"2021-04-01T16:54:58","slug":"defensores-del-territorio-piden-seguridad-en-paso-de-la-reyna-ante-ola-de-crimenes","status":"publish","type":"post","link":"https:\/\/zonaroja.com.mx\/?p=25413","title":{"rendered":"Defensores del territorio piden seguridad en Paso de la Reyna, ante ola de cr\u00edmenes"},"content":{"rendered":"\n<p>Evlin Arag\u00f3n\/Zona Roja.<\/p>\n\n\n\n<p>Oaxaca de Ju\u00e1rez, Oax., 1 de abril de 2021.- La inseguridad en Paso de la Reyna, ubicado en el municipio de Santiago Jamiltepec, se ha vuelto una constante; tan s\u00f3lo en lo que va de este a\u00f1o, cinco personas han sido asesinadas, dos de ellas defensores comunitarios de derechos humanos.&nbsp;<\/p>\n\n\n\n<p>Se trata de Fidel Heras Cruz, ultimado el 23 de enero, y Jaime Jim\u00e9nez Ruiz, a quien mataron a balazos apenas el 28 de marzo: ambos defensores comunitarios de los r\u00edos y opositores a los megaproyectos hidroel\u00e9ctricos en la zona.&nbsp;<\/p>\n\n\n\n<p>Al respecto el Colectivo Oaxaque\u00f1o en Defensa de los Territorios denunci\u00f3 p\u00fablicamente que ni la Defensor\u00eda de Derechos Humanos del Pueblo de Oaxaca, la Fiscal\u00eda General del Estado de Oaxaca y la Secretar\u00eda de Seguridad P\u00fablica de Oaxaca han garantizado medidas de seguridad para la comunidad.<\/p>\n\n\n\n<p>Mucho menos han actuado de manera pronta y expedita en la integraci\u00f3n de las carpetas de investigaci\u00f3n, por lo que no existen avances sustantivos en materia de justicia y medidas de no repetici\u00f3n de los cr\u00edmenes.<\/p>\n\n\n\n<p>\u201cSon nuestros compa\u00f1eros que defienden el r\u00edo \u2018Verde\u2019 a los que est\u00e1n asesinando. Porque son nuestra fuente de vida, defendamos nuestros territorios\u201d, refieren en un comunicado emitido.<\/p>\n\n\n\n<p>De manera particular, reclamaron que la Defensor\u00eda no ha emitido medidas cautelares a favor de la comunidad, pese a las reiteradas denuncias de la llegada de personas ajenas a Paso de la Reyna, de ah\u00ed que responsabilizaron a la instancia de futuras agresiones para quienes defienden de manera comprometida el territorio.&nbsp;&nbsp;<\/p>\n\n\n\n<p>\u201cResponsabilizamos a la Defensor\u00eda de los Derechos Humanos del Pueblo de Oaxaca por cualquier agresi\u00f3n suscitada en la comunidad, ya que hasta este momento no han implementado ninguna acci\u00f3n eficaz para disuadir posibles agresiones\u201d.<\/p>\n\n\n\n<p>Asimismo, el Colectivo Oaxaque\u00f1o en Defensa de los Territorios exigi\u00f3 a la Fiscal\u00eda, encabezada por Arturo Peimbert Calvo, agilice las investigaciones para dar con los responsables materiales e intelectuales de dichos cr\u00edmenes contra defensores comunitarios en la comunidad de Paso de la Reyna.<\/p>\n\n\n\n<p>Al mismo llamado se ha unido la Secci\u00f3n 22, adherida a la Coordinadora Nacional de Trabajadores de la Educaci\u00f3n (CNTE), cuya dirigencia conden\u00f3 el asesinato del activista Jaime Jim\u00e9nez Ruiz, en la regi\u00f3n de la Costa, y exigi\u00f3 al gobierno federal, estatal y municipal \u201calto a la ola de asesinatos, persecuci\u00f3n y violaci\u00f3n a los derechos de nuestros pueblos en defensa de su territorio y del agua\u201d.<\/p>\n","protected":false},"excerpt":{"rendered":"<p>Evlin Arag\u00f3n\/Zona Roja. Oaxaca de Ju\u00e1rez, Oax., 1 de abril de 2021.- La inseguridad en&hellip;<\/p>\n","protected":false},"author":2,"featured_media":25414,"comment_status":"closed","ping_status":"open","sticky":false,"template":"","format":"standard","meta":{"_lmt_disableupdate":"","_lmt_disable":"","_jetpack_memberships_contains_paid_content":false,"footnotes":""},"categories":[109,47],"tags":[2560,2397],"class_list":["post-25413","post","type-post","status-publish","format-standard","has-post-thumbnail","hentry","category-minuto-a-minuto","category-zona-gris","tag-jaime-jimenez-ruiz","tag-paso-de-la-reyna-jamiltepec"],"jetpack_featured_media_url":"https:\/\/zonaroja.com.mx\/wp-content\/uploads\/2021\/04\/Jaime-JImenez-Ruiz.jpg","jetpack_sharing_enabled":true,"_links":{"self":[{"href":"https:\/\/zonaroja.com.mx\/index.php?rest_route=\/wp\/v2\/posts\/25413","targetHints":{"allow":["GET"]}}],"collection":[{"href":"https:\/\/zonaroja.com.mx\/index.php?rest_route=\/wp\/v2\/posts"}],"about":[{"href":"https:\/\/zonaroja.com.mx\/index.php?rest_route=\/wp\/v2\/types\/post"}],"author":[{"embeddable":true,"href":"https:\/\/zonaroja.com.mx\/index.php?rest_route=\/wp\/v2\/users\/2"}],"replies":[{"embeddable":true,"href":"https:\/\/zonaroja.com.mx\/index.php?rest_route=%2Fwp%2Fv2%2Fcomments&post=25413"}],"version-history":[{"count":1,"href":"https:\/\/zonaroja.com.mx\/index.php?rest_route=\/wp\/v2\/posts\/25413\/revisions"}],"predecessor-version":[{"id":25415,"href":"https:\/\/zonaroja.com.mx\/index.php?rest_route=\/wp\/v2\/posts\/25413\/revisions\/25415"}],"wp:featuredmedia":[{"embeddable":true,"href":"https:\/\/zonaroja.com.mx\/index.php?rest_route=\/wp\/v2\/media\/25414"}],"wp:attachment":[{"href":"https:\/\/zonaroja.com.mx\/index.php?rest_route=%2Fwp%2Fv2%2Fmedia&parent=25413"}],"wp:term":[{"taxonomy":"category","embeddable":true,"href":"https:\/\/zonaroja.com.mx\/index.php?rest_route=%2Fwp%2Fv2%2Fcategories&post=25413"},{"taxonomy":"post_tag","embeddable":true,"href":"https:\/\/zonaroja.com.mx\/index.php?rest_route=%2Fwp%2Fv2%2Ftags&post=25413"}],"curies":[{"name":"wp","href":"https:\/\/api.w.org\/{rel}","templated":true}]}}