{"id":25417,"date":"2021-04-01T13:58:14","date_gmt":"2021-04-01T19:58:14","guid":{"rendered":"https:\/\/www.zonaroja.com.mx\/?p=25417"},"modified":"2021-04-01T14:00:44","modified_gmt":"2021-04-01T20:00:44","slug":"renuncia-diputado-cesar-morales-nino-al-partido-del-trabajo","status":"publish","type":"post","link":"https:\/\/zonaroja.com.mx\/?p=25417","title":{"rendered":"Renuncia diputado C\u00e9sar Morales Ni\u00f1o al Partido del Trabajo"},"content":{"rendered":"\n<p>Redacci\u00f3n\/Zona Roja. <\/p>\n\n\n\n<p>Oaxaca de Ju\u00e1rez, Oax., 1 de abril de 2021.- El diputado local por el distrito con cabecera en Nochixtl\u00e1n, C\u00e9sar Morales Ni\u00f1o, renunci\u00f3 al Partido del Trabajo (PT). <\/p>\n\n\n\n<p>Sin mayores detalles m\u00e1s que anunciar que va rumbo a \u201cnuevos proyectos pol\u00edticos por el bien de nuestro pueblo\u201d, el ex presidente de la Mesa Directiva en la 64 Legislatura dej\u00f3 el instituto pol\u00edtico. Esta es la carta que difundi\u00f3 este jueves:<\/p>\n\n\n\n<p>\u201cCon fundamento en el Art. 9 y 35 fracc. III de la Constituci\u00f3n Pol\u00edtica de los Estados Unidos Mexicanos, el que suscribe C. C\u00e9sar Enrique Morales Ni\u00f1o por mi propio derecho y para los fines legales a que haya lugar, manifiesto mi libre voluntad de renunciar como militante, integrante de los \u00f3rganos estatales de direcci\u00f3n, representaci\u00f3n electoral e integrante del Grupo Parlamentario del Partido del Trabajo (PT) en Oaxaca, por lo cual solicito atentamente mi baja del padr\u00f3n de afiliados del mismo.<\/p>\n\n\n\n<p>Aprovecho la ocasi\u00f3n para agradecer a este instituto pol\u00edtico haberme otorgado el registro en 2018 para participar como candidato a diputado por el distrito local V de Asunci\u00f3n Nochixtl\u00e1n, y que gracias al voto ciudadano me permiti\u00f3 integrar la LXIV Legislatura del Estado de Oaxaca:<\/p>\n\n\n\n<p>Asimismo, agradezco al Comisionado Pol\u00edtico Nacional del PT en Oaxaca, Dip. Fed. \u00c1ngel Benjam\u00edn Robles Montoya, por respaldarme como propuesta del Grupo Parlamentario del PT para ocupar el cargo de presidente de la Mesa Directiva en el primer a\u00f1o de ejercicio legislativo.<\/p>\n\n\n\n<p>Propuesta que fue aprobada por la mayor\u00eda calificada del pleno del Congreso del Estado, cargos que he desempe\u00f1ado con institucionalidad, decoro y alto honor; honrando siempre los postulados de la Cuarta Transformaci\u00f3n Nacional bajo los cuales fui electo: No robar, no mentir y no traicionar al pueblo.<\/p>\n\n\n\n<p>Con la seguridad que los caminos de la pol\u00edtica nos har\u00e1n coincidir en otras contiendas, que nos permitan alcanzar el bien de nuestro pueblo, le reitero la seguridad de mis distinguidas consideraciones\u201d.<\/p>\n","protected":false},"excerpt":{"rendered":"<p>Redacci\u00f3n\/Zona Roja. Oaxaca de Ju\u00e1rez, Oax., 1 de abril de 2021.- El diputado local por&hellip;<\/p>\n","protected":false},"author":2,"featured_media":25416,"comment_status":"closed","ping_status":"open","sticky":false,"template":"","format":"standard","meta":{"_lmt_disableupdate":"","_lmt_disable":"","_jetpack_memberships_contains_paid_content":false,"footnotes":""},"categories":[109,46],"tags":[612],"class_list":["post-25417","post","type-post","status-publish","format-standard","has-post-thumbnail","hentry","category-minuto-a-minuto","category-zona-blanca","tag-cesar-morales-nino"],"jetpack_featured_media_url":"https:\/\/zonaroja.com.mx\/wp-content\/uploads\/2021\/04\/img_9563.jpg","jetpack_sharing_enabled":true,"_links":{"self":[{"href":"https:\/\/zonaroja.com.mx\/index.php?rest_route=\/wp\/v2\/posts\/25417","targetHints":{"allow":["GET"]}}],"collection":[{"href":"https:\/\/zonaroja.com.mx\/index.php?rest_route=\/wp\/v2\/posts"}],"about":[{"href":"https:\/\/zonaroja.com.mx\/index.php?rest_route=\/wp\/v2\/types\/post"}],"author":[{"embeddable":true,"href":"https:\/\/zonaroja.com.mx\/index.php?rest_route=\/wp\/v2\/users\/2"}],"replies":[{"embeddable":true,"href":"https:\/\/zonaroja.com.mx\/index.php?rest_route=%2Fwp%2Fv2%2Fcomments&post=25417"}],"version-history":[{"count":1,"href":"https:\/\/zonaroja.com.mx\/index.php?rest_route=\/wp\/v2\/posts\/25417\/revisions"}],"predecessor-version":[{"id":25418,"href":"https:\/\/zonaroja.com.mx\/index.php?rest_route=\/wp\/v2\/posts\/25417\/revisions\/25418"}],"wp:featuredmedia":[{"embeddable":true,"href":"https:\/\/zonaroja.com.mx\/index.php?rest_route=\/wp\/v2\/media\/25416"}],"wp:attachment":[{"href":"https:\/\/zonaroja.com.mx\/index.php?rest_route=%2Fwp%2Fv2%2Fmedia&parent=25417"}],"wp:term":[{"taxonomy":"category","embeddable":true,"href":"https:\/\/zonaroja.com.mx\/index.php?rest_route=%2Fwp%2Fv2%2Fcategories&post=25417"},{"taxonomy":"post_tag","embeddable":true,"href":"https:\/\/zonaroja.com.mx\/index.php?rest_route=%2Fwp%2Fv2%2Ftags&post=25417"}],"curies":[{"name":"wp","href":"https:\/\/api.w.org\/{rel}","templated":true}]}}