{"id":2542,"date":"2019-07-26T21:24:17","date_gmt":"2019-07-27T02:24:17","guid":{"rendered":"http:\/\/www.zonaroja.com.mx\/?p=2542"},"modified":"2019-07-26T21:24:20","modified_gmt":"2019-07-27T02:24:20","slug":"incendian-parte-de-local-de-comida-en-la-capital-ya-habian-denunciado-amenazas","status":"publish","type":"post","link":"https:\/\/zonaroja.com.mx\/?p=2542","title":{"rendered":"Incendian parte de local de comida en la capital; ya hab\u00edan denunciado amenazas"},"content":{"rendered":"\n<p>Redacci\u00f3n<\/p>\n\n\n\n<p>Oaxaca de\nJu\u00e1rez, Oax., 26 de julio de 2019.- La lentitud en las investigaciones que\nrealiza la Fiscal\u00eda General del Estado gener\u00f3 un atentado a una parte de un\nlocal de comida en el centro de la ciudad de Oaxaca, acusaron los propietarios,\nque desde mayo ya hab\u00edan denunciado amenazas en su contra.<\/p>\n\n\n\n<p>La tarde de\neste viernes se report\u00f3 un incendio en el local de tlayudas \u201cDo\u00f1a Luchita\u201d y\nmemelas \u201cDo\u00f1a Mago\u201d conocidos por la venta de alimentos en las inmediaciones de\nla calle Manuel \u00c1vila Camacho, entre Col\u00f3n y Guerrero, en el centro de la\nciudad de Oaxaca.<\/p>\n\n\n\n<p>El siniestro\ntrasciende ya que semanas antes, vecinos de la zona amenazaron con quemar el\nlocal de la familia que expende alimentos, compuesta principalmente por mujeres\nadultas y de la tercera edad, toda vez que se oponen a la actividad comercial\nque realizan. <\/p>\n\n\n\n<p>As\u00ed lo\nconfirma la carpeta de investigaci\u00f3n que inici\u00f3 la Fiscal\u00eda General del Estado\nde Oaxaca en donde las denunciantes refieren la existencia de llamadas y\nmensajes para amenazarlas e impedir que realicen su venta diaria, debido al\nhumo que emiten.<\/p>\n\n\n\n<p>Previo al\nincendio, un trabajador de la Agencia Estatal de Investigaciones se encontraba\nal interior del domicilio realizando una diligencia para recabar mayores datos\nde las amenazas que refiere la familia, por lo que incluso fue afectado, sin\nda\u00f1os mayores, al caerle encima la ceniza del incendio provocado.<\/p>\n\n\n\n<p>Al lugar\nllegaron elementos del cuerpo de bomberos y de seguridad para sofocar el\nincendio que qued\u00f3 completamente controlado, mientras que se registr\u00f3 un conato\nde violencia entre integrantes de la familia afectada y vecinos del lugar que\nse burlaban de la situaci\u00f3n.<\/p>\n\n\n\n<p>Por ello las\nmujeres propietarias de la vivienda responsabilizaron a los vecinos del lugar\ndel inicio del fuego y de cualquier otra acci\u00f3n que suceda en contra de la\nfamilia, que aseguran su \u00fanico delito ha sido quererse ganar la vida de forma\nhonrada.<\/p>\n\n\n\n<p>El incendio\nno ha sido la \u00fanica acci\u00f3n que han hecho en su contra, ya que previamente\npersonas desconocidas pusieron candado a la puerta del domicilio para impedir\nla venta diaria, as\u00ed como han asaltado a punta de pistola a familiares de las\nmujeres que realizan la actividad comercial a las afueras de su domicilio.<\/p>\n\n\n\n<p>De lo\nanterior tiene conocimiento la Fiscal\u00eda General del Estado de Oaxaca, instancia\na la que en ocasiones anteriores han acusado de lentitud en las investigaciones,\nreiter\u00f3 un de las personas afectadas, Fidela Vargas.<\/p>\n\n\n\n<p>El pasado 11\nde junio dieron una conferencia de prensa para denunciar que pese a presentar\nuna queja formal ante la Fiscal\u00eda, no hab\u00eda avance en las indagatorias; este\nmi\u00e9rcoles fueron atacadas con al parecer dos petardos, que cayeron en la parte\nalta de la vivienda y negocio.<\/p>\n","protected":false},"excerpt":{"rendered":"<p>Redacci\u00f3n Oaxaca de Ju\u00e1rez, Oax., 26 de julio de 2019.- La lentitud en las investigaciones&hellip;<\/p>\n","protected":false},"author":2,"featured_media":2543,"comment_status":"closed","ping_status":"open","sticky":false,"template":"","format":"standard","meta":{"_lmt_disableupdate":"","_lmt_disable":"","_jetpack_memberships_contains_paid_content":false,"footnotes":""},"categories":[109,51],"tags":[406],"class_list":["post-2542","post","type-post","status-publish","format-standard","has-post-thumbnail","hentry","category-minuto-a-minuto","category-zona-roja","tag-incendian-parte-de-local-de-comida-en-la-capital-ya-habian-denunciado-amenazas"],"jetpack_featured_media_url":"https:\/\/zonaroja.com.mx\/wp-content\/uploads\/2019\/07\/Incendio-tlayudas-Do\u00f1a-Lucha.jpg","jetpack_sharing_enabled":true,"_links":{"self":[{"href":"https:\/\/zonaroja.com.mx\/index.php?rest_route=\/wp\/v2\/posts\/2542","targetHints":{"allow":["GET"]}}],"collection":[{"href":"https:\/\/zonaroja.com.mx\/index.php?rest_route=\/wp\/v2\/posts"}],"about":[{"href":"https:\/\/zonaroja.com.mx\/index.php?rest_route=\/wp\/v2\/types\/post"}],"author":[{"embeddable":true,"href":"https:\/\/zonaroja.com.mx\/index.php?rest_route=\/wp\/v2\/users\/2"}],"replies":[{"embeddable":true,"href":"https:\/\/zonaroja.com.mx\/index.php?rest_route=%2Fwp%2Fv2%2Fcomments&post=2542"}],"version-history":[{"count":1,"href":"https:\/\/zonaroja.com.mx\/index.php?rest_route=\/wp\/v2\/posts\/2542\/revisions"}],"predecessor-version":[{"id":2544,"href":"https:\/\/zonaroja.com.mx\/index.php?rest_route=\/wp\/v2\/posts\/2542\/revisions\/2544"}],"wp:featuredmedia":[{"embeddable":true,"href":"https:\/\/zonaroja.com.mx\/index.php?rest_route=\/wp\/v2\/media\/2543"}],"wp:attachment":[{"href":"https:\/\/zonaroja.com.mx\/index.php?rest_route=%2Fwp%2Fv2%2Fmedia&parent=2542"}],"wp:term":[{"taxonomy":"category","embeddable":true,"href":"https:\/\/zonaroja.com.mx\/index.php?rest_route=%2Fwp%2Fv2%2Fcategories&post=2542"},{"taxonomy":"post_tag","embeddable":true,"href":"https:\/\/zonaroja.com.mx\/index.php?rest_route=%2Fwp%2Fv2%2Ftags&post=2542"}],"curies":[{"name":"wp","href":"https:\/\/api.w.org\/{rel}","templated":true}]}}