{"id":25423,"date":"2021-04-01T18:12:01","date_gmt":"2021-04-02T00:12:01","guid":{"rendered":"http:\/\/www.zonaroja.com.mx\/?p=25423"},"modified":"2021-04-01T18:12:04","modified_gmt":"2021-04-02T00:12:04","slug":"dulces-con-rostro-de-personas-desaparecidas-reciente-estrategia-de-busqueda","status":"publish","type":"post","link":"https:\/\/zonaroja.com.mx\/?p=25423","title":{"rendered":"Dulces con rostro de personas desaparecidas, reciente estrategia de b\u00fasqueda"},"content":{"rendered":"\n<p>Evlin Arag\u00f3n\/Zona Roja.<\/p>\n\n\n\n<p>Oaxaca de Ju\u00e1rez, Oax., 1 de abril de 2021.- Las familias de personas desaparecidas hacen de todo para dar con el paradero de sus seres queridos.<\/p>\n\n\n\n<p>Lo hacen ante la deficiente actuaci\u00f3n de las autoridades del gobierno de Oaxaca, encabezado por Alejandro Murat Hinojosa, que tendr\u00edan que realizar labores de b\u00fasqueda desde el momento en que se reportan los hechos, pero no lo hacen.&nbsp;<\/p>\n\n\n\n<p>Por ello, madres, padres, hermanas y hermanos de las personas desaparecidas recorren parajes, acuden a los lugares que les refieren por llamadas an\u00f3nimas, interrogan a testigos \u2013con todo el riesgo que este les implique-, incluso se manifiestan de manera constante para exigir la atenci\u00f3n de las autoridades y hacer un llamado de ayuda a la sociedad.<\/p>\n\n\n\n<p>Hace unos d\u00edas, integrantes del Colectivo \u201cOaxaque\u00f1os Unidos Exigiendo Justicia\u201d regalaron dulces con el rostro y datos de sus familiares a fin de que la sociedad los escuche y sea emp\u00e1tica con la labor que realizan, a\u00fan con el desaire de las autoridades.&nbsp;<\/p>\n\n\n\n<p>Se trata de una nueva estrategia, dentro de muchas otras que han implementado, para continuar la b\u00fasqueda de sus familiares, a quienes pese a los a\u00f1os transcurridos anhelan ver con vida.&nbsp;<\/p>\n\n\n\n<p>\u201cRegalamos un dulce con el rostro, nombre y fecha de desaparici\u00f3n de nuestro familiar para que la sociedad nos escuch\u00e9 y sea emp\u00e1tica. Nosotros buscando a nuestro familiar, encontramos m\u00e1s familias buscando a los suyos\u201d, refieren en sus redes sociales.&nbsp;<\/p>\n\n\n\n<p>Carlos Ren\u00e9 Rom\u00e1n Salazar, Luis Alberto Hern\u00e1ndez L\u00f3pez, Aldo Gonz\u00e1lez Aguirre, Jos\u00e9 Alberto Mart\u00ednez Santiago, Severina Paz Bautista, David Christian Echeverr\u00eda Trejo, V\u00edctor Manuel Torres Bermejo, Fidel Gabriel V\u00e1squez, son algunos de los rostro y nombres que se pod\u00edan leer en las envolturas de los dulces.&nbsp;<\/p>\n\n\n\n<p>Mediante las redes sociales recordaron que las familias mantienen la esperanza de volver a reunirse con sus seres queridos, mientras tanto viven con una herida expuesta que se ahonda al ver como las autoridades no hacen nada cuando se reporta una desaparici\u00f3n, por eso apelan a la ayuda que les pueda brindar la sociedad en general.&nbsp;<\/p>\n\n\n\n<p>\u201cDifunde cuando alguien falta en nuestras familias, hay una herida expuesta y una omisi\u00f3n del estado porque no haga nada cuando la gente desaparece\u201d, refieren en su p\u00e1gina de Facebook.&nbsp;<\/p>\n\n\n\n<p>Desde el pasado lunes, las y los integrantes del colectivo \u201cOaxaque\u00f1os Unidos Exigiendo Justicia\u201d entregaron nuevamente una solicitud de audiencia al gobernador de Oaxaca, Alejandro Murat Hinojosa, la cual han pedido desde hace tres a\u00f1os, sin \u00e9xito alguno.<\/p>\n\n\n\n<p>En el mismo periodo de tiempo trataron de reunirse con el ex fiscal, Rub\u00e9n Vasconcelos M\u00e9ndez, quien tampoco los recibi\u00f3, mostrando la insensibilidad con las v\u00edctimas que lo caracteriz\u00f3 durante toda su gesti\u00f3n.&nbsp;<\/p>\n","protected":false},"excerpt":{"rendered":"<p>Evlin Arag\u00f3n\/Zona Roja. Oaxaca de Ju\u00e1rez, Oax., 1 de abril de 2021.- Las familias de&hellip;<\/p>\n","protected":false},"author":2,"featured_media":25424,"comment_status":"closed","ping_status":"open","sticky":false,"template":"","format":"standard","meta":{"_lmt_disableupdate":"","_lmt_disable":"","_jetpack_memberships_contains_paid_content":false,"footnotes":""},"categories":[109,47],"tags":[1221],"class_list":["post-25423","post","type-post","status-publish","format-standard","has-post-thumbnail","hentry","category-minuto-a-minuto","category-zona-gris","tag-colectivo-oaxaqueno-unidos-exigiendo-justicia"],"jetpack_featured_media_url":"https:\/\/zonaroja.com.mx\/wp-content\/uploads\/2021\/04\/Busqueda-de-personas-con-paletas.jpg","jetpack_sharing_enabled":true,"_links":{"self":[{"href":"https:\/\/zonaroja.com.mx\/index.php?rest_route=\/wp\/v2\/posts\/25423","targetHints":{"allow":["GET"]}}],"collection":[{"href":"https:\/\/zonaroja.com.mx\/index.php?rest_route=\/wp\/v2\/posts"}],"about":[{"href":"https:\/\/zonaroja.com.mx\/index.php?rest_route=\/wp\/v2\/types\/post"}],"author":[{"embeddable":true,"href":"https:\/\/zonaroja.com.mx\/index.php?rest_route=\/wp\/v2\/users\/2"}],"replies":[{"embeddable":true,"href":"https:\/\/zonaroja.com.mx\/index.php?rest_route=%2Fwp%2Fv2%2Fcomments&post=25423"}],"version-history":[{"count":1,"href":"https:\/\/zonaroja.com.mx\/index.php?rest_route=\/wp\/v2\/posts\/25423\/revisions"}],"predecessor-version":[{"id":25425,"href":"https:\/\/zonaroja.com.mx\/index.php?rest_route=\/wp\/v2\/posts\/25423\/revisions\/25425"}],"wp:featuredmedia":[{"embeddable":true,"href":"https:\/\/zonaroja.com.mx\/index.php?rest_route=\/wp\/v2\/media\/25424"}],"wp:attachment":[{"href":"https:\/\/zonaroja.com.mx\/index.php?rest_route=%2Fwp%2Fv2%2Fmedia&parent=25423"}],"wp:term":[{"taxonomy":"category","embeddable":true,"href":"https:\/\/zonaroja.com.mx\/index.php?rest_route=%2Fwp%2Fv2%2Fcategories&post=25423"},{"taxonomy":"post_tag","embeddable":true,"href":"https:\/\/zonaroja.com.mx\/index.php?rest_route=%2Fwp%2Fv2%2Ftags&post=25423"}],"curies":[{"name":"wp","href":"https:\/\/api.w.org\/{rel}","templated":true}]}}