{"id":25431,"date":"2021-04-01T21:39:12","date_gmt":"2021-04-02T03:39:12","guid":{"rendered":"http:\/\/www.zonaroja.com.mx\/?p=25431"},"modified":"2021-04-01T21:39:15","modified_gmt":"2021-04-02T03:39:15","slug":"incendio-en-sierra-sur-lleva-3-dias-comuneros-piden-ayuda-a-el-bronco","status":"publish","type":"post","link":"https:\/\/zonaroja.com.mx\/?p=25431","title":{"rendered":"Incendio en Sierra Sur lleva 3 d\u00edas; comuneros piden ayuda a \u201cEl Bronco\u201d"},"content":{"rendered":"\n<p>Yuridiana Sosa\/Zona Roja.<\/p>\n\n\n\n<p>Oaxaca de Ju\u00e1rez, Oax., 1 de abril de 2021.- El incendio forestal en San Miguel del Puerto, en la Sierra Sur de Oaxaca, ha consumido cientos de hect\u00e1reas durante tres d\u00edas y su actividad es dif\u00edcil de controla, de acuerdo con comuneros, quienes han solicitado el apoyo del gobernador de Nuevo Le\u00f3n, Jaime Rodr\u00edguez, alias \u201cEl Bronco\u201d.<\/p>\n\n\n\n<p>La Comisi\u00f3n Estatal Forestal (Coesfo) inform\u00f3 que este jueves es el tercer d\u00eda del incendio activo en San Miguel del Puerto, el cual tiene tres frentes, el paraje \u201cEl Aguacate\u201d, Cerro de la Virgen y l\u00edmites con La Merced del Potrero en el punto de El Encinal y El Mamey.<\/p>\n\n\n\n<p>El director de la Coesfo dijo que esta es la segunda ocasi\u00f3n que el fuego en el paraje de \u201cLa Merced\u201d se reactiva.<\/p>\n\n\n\n<p>En esta ocasi\u00f3n, la Coesfo atiende el incendio desde el primer d\u00eda, mientras que este jueves se integr\u00f3 la Secretar\u00eda de la Defensa Nacional, quien tambi\u00e9n particip\u00f3 en la primera ocasi\u00f3n el pasado 21 de marzo.<\/p>\n\n\n\n<p>As\u00ed tambi\u00e9n se unieron al equipo de mitigaci\u00f3n 15 bomberos de Huatulco, una brigada de la Comisi\u00f3n Nacional Forestal (Conafor) y de comuneros, detall\u00f3 el director.<\/p>\n\n\n\n<p>Pero ante la magnitud del problema, el Consejo de Vigilancia de Bienes Comunales la Merced del Potrero emiti\u00f3 un oficio para solicitar del apoyo de Jaime Rodr\u00edguez \u201cEl Bronco\u00bb, gobernador del Nuevo Le\u00f3n.<\/p>\n\n\n\n<p>Los comuneros justifican su escrito en que han solicitado al gobierno de Oaxaca una aeronave, pero no est\u00e1 en condiciones para el trabajo, \u201cpor ello al leer que Nuevo Le\u00f3n podr\u00eda contar con un H 125 apelamos a que nos puedan ayudar y colaborar como estados hermanos\u201d.<\/p>\n\n\n\n<p>De acuerdo con el oficio, los comuneros prev\u00e9n que si el incendio alcanza la parte alta del Cerro Lobo ser\u00e1 imposible acceder por tierra.<\/p>\n\n\n\n<p>Con la esperanza de obtener una respuesta favorable, los habitantes env\u00edan las coordenadas de la zona denominada Colorado Grande al sudeste de la localidad de La Merced del Potrero.<\/p>\n","protected":false},"excerpt":{"rendered":"<p>Yuridiana Sosa\/Zona Roja. Oaxaca de Ju\u00e1rez, Oax., 1 de abril de 2021.- El incendio forestal&hellip;<\/p>\n","protected":false},"author":2,"featured_media":25432,"comment_status":"closed","ping_status":"open","sticky":false,"template":"","format":"standard","meta":{"_lmt_disableupdate":"","_lmt_disable":"","_jetpack_memberships_contains_paid_content":false,"footnotes":""},"categories":[109,47],"tags":[2033],"class_list":["post-25431","post","type-post","status-publish","format-standard","has-post-thumbnail","hentry","category-minuto-a-minuto","category-zona-gris","tag-san-miguel-del-puerto"],"jetpack_featured_media_url":"https:\/\/zonaroja.com.mx\/wp-content\/uploads\/2021\/04\/Incendio.jpg","jetpack_sharing_enabled":true,"_links":{"self":[{"href":"https:\/\/zonaroja.com.mx\/index.php?rest_route=\/wp\/v2\/posts\/25431","targetHints":{"allow":["GET"]}}],"collection":[{"href":"https:\/\/zonaroja.com.mx\/index.php?rest_route=\/wp\/v2\/posts"}],"about":[{"href":"https:\/\/zonaroja.com.mx\/index.php?rest_route=\/wp\/v2\/types\/post"}],"author":[{"embeddable":true,"href":"https:\/\/zonaroja.com.mx\/index.php?rest_route=\/wp\/v2\/users\/2"}],"replies":[{"embeddable":true,"href":"https:\/\/zonaroja.com.mx\/index.php?rest_route=%2Fwp%2Fv2%2Fcomments&post=25431"}],"version-history":[{"count":1,"href":"https:\/\/zonaroja.com.mx\/index.php?rest_route=\/wp\/v2\/posts\/25431\/revisions"}],"predecessor-version":[{"id":25433,"href":"https:\/\/zonaroja.com.mx\/index.php?rest_route=\/wp\/v2\/posts\/25431\/revisions\/25433"}],"wp:featuredmedia":[{"embeddable":true,"href":"https:\/\/zonaroja.com.mx\/index.php?rest_route=\/wp\/v2\/media\/25432"}],"wp:attachment":[{"href":"https:\/\/zonaroja.com.mx\/index.php?rest_route=%2Fwp%2Fv2%2Fmedia&parent=25431"}],"wp:term":[{"taxonomy":"category","embeddable":true,"href":"https:\/\/zonaroja.com.mx\/index.php?rest_route=%2Fwp%2Fv2%2Fcategories&post=25431"},{"taxonomy":"post_tag","embeddable":true,"href":"https:\/\/zonaroja.com.mx\/index.php?rest_route=%2Fwp%2Fv2%2Ftags&post=25431"}],"curies":[{"name":"wp","href":"https:\/\/api.w.org\/{rel}","templated":true}]}}