{"id":25434,"date":"2021-04-01T21:59:19","date_gmt":"2021-04-02T03:59:19","guid":{"rendered":"http:\/\/www.zonaroja.com.mx\/?p=25434"},"modified":"2021-04-01T21:59:22","modified_gmt":"2021-04-02T03:59:22","slug":"ni-paco-ni-irineo-ni-laura-en-tuxtepec-gana-o-pierde-salomon-jara","status":"publish","type":"post","link":"https:\/\/zonaroja.com.mx\/?p=25434","title":{"rendered":"Ni Paco, ni Irineo, ni Laura, en Tuxtepec gana o pierde Salom\u00f3n Jara"},"content":{"rendered":"\n<p>Antonio Mundaca\/El Muro.<\/p>\n\n\n\n<p>La definici\u00f3n de la candidatura de Morena a la presidencia municipal de Tuxtepec se juega en un tablero m\u00e1s grande que las aguas del r\u00edo Papaloapan, todas las consecuencias de esa decisi\u00f3n la vivir\u00e1n los habitantes del municipio m\u00e1s violento de la entidad, que por ahora tiene la calma del ojo del hurac\u00e1n y donde el verdadero ganador o perdedor electoral dependiendo de qui\u00e9n sea elegido candidato, ser\u00e1 Salom\u00f3n Jara Cruz.<\/p>\n\n\n\n<p>Los aspirantes tuxtepecanos son peones de una batalla por el poder que tendr\u00e1 su cenit en 2022 y es parte de la sucesi\u00f3n al gobierno de Oaxaca que arranc\u00f3 este a\u00f1o con la repartici\u00f3n de plazas pol\u00edticas y los recursos econ\u00f3micos de los ayuntamientos que est\u00e1n en juego.<\/p>\n\n\n\n<p>Hasta el cierre de este art\u00edculo el m\u00e9todo de la encuesta &#8211;muchas veces simulada y otras como instrumento de acuerdos previos&#8211; ha sido en este proceso una forma de quitarle a Salom\u00f3n Jara municipios que todav\u00eda tiene bajo su control y de donde existen denuncias que son usados como la caja chica para su promoci\u00f3n pol\u00edtica. La encuesta nacional, hasta el momento ha impedido a Salom\u00f3n Jara perpetuar su ascenso en las regiones oaxaque\u00f1as.<\/p>\n\n\n\n<p>En el proceso interno de Morena, Salom\u00f3n Jara ya perdi\u00f3 Oaxaca de Ju\u00e1rez con Francisco Mart\u00ednez Neri, su candidato era Jes\u00fas Ram\u00edrez L\u00f3pez. Perdi\u00f3 Salina Cruz con Daniel Villalobos Sosa, su candidato para ser reelecto era Juan Carlos Atecas y Jorge Arroyo Rodr\u00edguez involucrado en la masacre de San Mateo del Mar de junio de 2020.<\/p>\n\n\n\n<p>Perdi\u00f3 Juchit\u00e1n para el edil Emilio Montero P\u00e9rez, que hasta poco afirm\u00f3 buscar\u00e1 la reelecci\u00f3n como candidato del Partido del Trabajo (PT) al no ser elegido por el Comit\u00e9 Ejecutivo Nacional de Morena. Perdi\u00f3 Jara Cruz tambi\u00e9n la ruta de la costa en San Pedro Mixtepec con Javier Cruz Jim\u00e9nez, que el a\u00f1o pasado denuncio al senador de vender candidaturas. Perder Tuxtepec significar\u00eda quedarse sin ninguna las principales plazas para apuntalar su candidatura a gobernador.<\/p>\n\n\n\n<p>En las elecciones de 2016 y 2018 el gran elector de Morena en Tuxtepec fue Salom\u00f3n Jara Cruz. Pero no logr\u00f3 poner en la silla tuxtepecana a ninguno de sus soldados.&nbsp; Impuls\u00f3 primero, hace 5 a\u00f1os, la candidatura del finado Dr. Sergio S\u00e1nchez Fentanez y acab\u00f3 abandon\u00e1ndolo en plena campa\u00f1a cuando el m\u00e9dico se neg\u00f3 a entregarle recursos econ\u00f3micos a discreci\u00f3n a la actual diputada Irma Juan Carlos, que a nombre de Jara Cruz oper\u00f3 las campa\u00f1as pol\u00edticas en la Cuenca, los salomonistas traicionaron a Fentanez llev\u00e1ndole votos al extinto Fernando D\u00e1vila.<\/p>\n\n\n\n<p>En 2018 impuso como candidata a Karina Bar\u00f3n Ortiz, tras el rompimiento con el edil Fernando Bautista D\u00e1vila, que al final declin\u00f3 a participar con la alianza Morena-PT tras denunciar imposici\u00f3n de regidur\u00edas por parte del clan salomonista. Ir\u00f3nicamente, la candidatura de Karina Bar\u00f3n en la recta final fue por encima de la exdiputada local \u00c1ngela Hern\u00e1ndez Sol\u00eds, mam\u00e1 del actual aspirante Paco Ni\u00f1o.<\/p>\n\n\n\n<p>El rompimiento \u201coficial\u201d entre Irineo Molina Espinosa y Salom\u00f3n Jara se dio en diciembre de 2016, cuando el exdiputado local del distrito 03 de Loma Bonita hizo a un lado a Jara Cruz de los acuerdos por el manejo de 350 millones de pesos que fueron repartidos a los coordinadores parlamentarios de cada partido en el congreso local oaxaque\u00f1o donde Molina Espinosa se estrenaba como coordinador parlamentario de los diputados morenistas y Presidente de la Junta de Coordinaci\u00f3n Pol\u00edtica (Jucopo).<\/p>\n\n\n\n<p>Irineo Molina hab\u00eda llegado a Morena de la mano de la tribu de los hermanos Rosendo y F\u00e9lix Serrano Toledo y no le deb\u00eda nada a Salom\u00f3n Jara.&nbsp; Irineo Molina desconoci\u00f3 a Jara Cruz y a su ej\u00e9rcito de diputados locales plurinominales chiripas a su servicio, leg\u00edtimo el ascenso de Alejandro Murat a la gubernatura oaxaque\u00f1a en medio de protestas y cr\u00edticas de los diputados morenos que buscaban prebendas y sobres amarillos.<\/p>\n\n\n\n<p>En el fondo la acci\u00f3n de Molina Espinoza rompi\u00f3 la interlocuci\u00f3n que por mucho tiempo llevaba Jara Cruz negociando con los priistas.&nbsp; En consecuencia, Salom\u00f3n Jara pidi\u00f3 la expulsi\u00f3n del chiltepecano de Jucopo, llevando el caso a la Comisi\u00f3n Nacional de Honestidad y Justicia de Morena y acot\u00f3 su poder en el congreso local. Desde entonces el exmun\u00edcipe de Chiltepec qued\u00f3 marcado en la tribu salomonista como persona non grata.<\/p>\n\n\n\n<p>Igual que el presidente de la capital oaxaque\u00f1a, Oswaldo Garc\u00eda Jarqu\u00edn que p\u00fablicamente dijo que el senador \u201c quiere obediencia absoluta\u201d,&nbsp; Irineo Molina ha confiado a sus cercanos que \u201cSalom\u00f3n no quiere socios, quiere empleados\u201d.&nbsp;<\/p>\n\n\n\n<p>En 2018 mientras Salom\u00f3n Jara buscaba la candidatura al senado intent\u00f3 frenar la candidatura a la diputaci\u00f3n federal por el distrito 01 con cabecera en Tuxtepec a Irineo Molina.<\/p>\n\n\n\n<p>\u201cNo pasar\u00e1\u201d era la consigna y tuvo que entrar a la pelea de forma externa y registrado por el Partido Encuentro Social (PES) dentro de le coalici\u00f3n con Morena, gan\u00f3 primero la encuesta interna sin el respaldo del Comit\u00e9 Estatal controlado por el senador, tuvo que ser impulsado desde el CEN, despu\u00e9s cuando gan\u00f3 la diputaci\u00f3n federal se alej\u00f3 a\u00fan m\u00e1s del salomonismo.<\/p>\n\n\n\n<p>Si fuera por el senador, Laura Estrada ser\u00eda su candidata ideal debido a su obediencia y a la falta de ideas pol\u00edticas propias. Laura Estrada se convirti\u00f3 en diputada local por el efecto AMLO en 2018, despu\u00e9s de ocupar el tercer lugar electoral en 2016, y asumi\u00f3 la Jucopo en el congreso oaxaque\u00f1o apadrinada por Salom\u00f3n Jara en medio de desvar\u00edos de poder, siempre con el lema \u201clo que mande el Senador\u201d.<\/p>\n\n\n\n<p>Fue cuestionada constantemente por las corrientes dentro de Morena en Oaxaca por la total sumisi\u00f3n. Para la prensa capitalina la diputada nunca dej\u00f3 de ser una sombra.<\/p>\n\n\n\n<p>Laura Estrada al no garantizar competitividad electoral municipal buscar\u00e1 sacarse la loter\u00eda de nuevo y ser reelecta como diputada local y ha quedado fuera de la contienda principal desde hace varias semanas. A menos que por el tema de Equidad y G\u00e9nero y la repartici\u00f3n en municipios competitivos pueda colarse a pesar de su baja medici\u00f3n en las encuestas del proceso interno de todos los aspirantes.<\/p>\n\n\n\n<p>En medio de esa falta de cuadros competitivos, donde por andanadas se asoma Eduardo Ximenez de Sandoval, con experiencia como candidato independiente en 2016, y con el resto de Morenistas incrustados en la burocracia cuatroteista, lleg\u00f3 Paco Ni\u00f1o al salomonismo, de la mano de Amador Jara.<\/p>\n\n\n\n<p>El 5 de agosto de 2018 en el programa Pol\u00edtica Ficci\u00f3n, Paco Ni\u00f1o afirm\u00f3, \u201csiempre he ganado las encuestas, pero no es lo mismo hacer una estrategia para ganar encuestas que para ganar campa\u00f1as\u201d, ah\u00ed mismo sostuvo que se quedar\u00eda en el PRD y que en la nueva etapa de Morena tendr\u00edan que entender que no es lo mismo ser oposici\u00f3n que ser gobierno.<\/p>\n\n\n\n<p>Reconoci\u00f3 entonces que lleg\u00f3 a detestar a Amador Jara por no haberle dado la candidatura a la presidencia municipal en 2013 por el PRD.&nbsp; Ambos pragm\u00e1ticos, poco a poco convirtieron su relaci\u00f3n de odio en una relaci\u00f3n de ahijado y padrino. En 7 a\u00f1os, Paco Ni\u00f1o, bajo el cobijo de Amador Jara, fue candidato a la diputaci\u00f3n federal en 2015 y candidato a la Presidencia Municipal en 2016. Se convirti\u00f3 en regidor y fue candidato a la diputaci\u00f3n local por la v\u00eda plurinominal en la posici\u00f3n n\u00famero 2.<\/p>\n\n\n\n<p>Diez meses despu\u00e9s de esa entrevista, el 10 de junio de 2020, fue nombrado como Coordinador Regional de Liconsa en la Cuenca del Papaloapan, dependencia del gobierno federal que acabar\u00eda convirti\u00e9ndose en Segalmex, el cargo le permiti\u00f3 caminar con la bandera de la 4T el \u00faltimo tramo repartiendo leche y productos de la canasta b\u00e1sica.<\/p>\n\n\n\n<p>Y es que no se pueden entender el proceso de definici\u00f3n actual en Tuxtepec, sin la intromisi\u00f3n de Amador Jara a favor de Ni\u00f1o Hern\u00e1ndez. Amador Jara es se\u00f1alado de nuevo en Morena, igual que lo hizo en el PRD de vender candidaturas y acomodar a sus fieles.<\/p>\n\n\n\n<p>Fue expulsado oficialmente del partido amarillo en enero de 2021, despu\u00e9s de meses de operar e intervenir en Morena&nbsp; para su hermano el senador Salom\u00f3n Jara y hoy se encuentra vinculado al proceso de selecci\u00f3n de candidatos y las listas de los futuros diputados plurinomales.<\/p>\n\n\n\n<p>En los pasillos pol\u00edticos de Oaxaca comentan que tambi\u00e9n por eso el senador oaxaque\u00f1o ha tenido una debacle en la imposici\u00f3n de candidaturas. Amador Jara.<\/p>\n\n\n\n<p>En medio de las tribulaciones por la designaci\u00f3n del abanderado a la presidencia de Tuxtepec por Morena, el 22 de marzo, Paco Ni\u00f1o se declar\u00f3 ganador de la \u201cprimera encuesta\u201d por encima de Irineo Molina, Laura Estrada y Eduardo Ximenez, a la filtraci\u00f3n le siguieron los desmentidos de los que parec\u00edan borrados del dedo elector y el Comit\u00e9 Estatal no emiti\u00f3 ninguna versi\u00f3n oficial.<\/p>\n\n\n\n<p>Al mismo tiempo, Irineo Molina Espinoza afirm\u00f3 que hab\u00eda sido encuestado pero para la diputaci\u00f3n federal donde \u201carras\u00f3\u201d aunque \u00e9l no se inscribi\u00f3 a ese proceso sino a la presidencia tuxtepecana. El argumento rid\u00edculo y no confirmado que se verti\u00f3 en redes sociales fue que hab\u00eda o un error en la primera encuesta en su nombre, Irineo Espinoza sin el Molina.<\/p>\n\n\n\n<p>La risa necesaria para el error de encuestadores profesionales especialistas en ganar tiempo y evitar la fuga de cuadros pol\u00edticos \u201coblig\u00f3\u201d a una supuesta segunda medici\u00f3n, cuando en realidad, siempre se ha tratado de una negociaci\u00f3n en las mesas porque en pol\u00edtica no hay casualidades, y pocas veces la oportunidad de segundas versiones.<\/p>\n\n\n\n<p>En una encuesta en poder de Elmuromx y filtrada por el comit\u00e9 estatal de Morena desde hace poco m\u00e1s de un mes, el ganador era Paco Ni\u00f1o, y muy lejos, Irineo Molina Espinoza. Desde hace poco m\u00e1s de un mes los salomonistas buscan que Irineo Molina se marche al Partido Verde o lo m\u00e1s lejos posible del \u201cfuturo gobernador\u201d.<\/p>\n\n\n\n<p>Mientras los fans de los candidatos se pelean en las redes sociales por irse con la cargada de su favorito de acuerdo a fuentes de Morena Estatal, Irineo Molina Espinoza amag\u00f3 con irse al PT como candidato a la Presidencia Municipal de Tuxtepec si no es elegido o no se respetan las encuestas donde \u00e9l sale ganador.<\/p>\n\n\n\n<p>El argumento presentado por el pol\u00edtico originario de Chiltepec son los 98 mil votos que obtuvo en 2018, contra los 35 mil que obtuvo Paco Ni\u00f1o en 2015 en la elecci\u00f3n a diputaci\u00f3n.&nbsp; Molina Espinoza quiere a Paco Ni\u00f1o como candidato a la diputaci\u00f3n federal, y Salom\u00f3n Jara quiere que Molina Espinoza repita como diputado federal, por eso solo fue medido en ese par\u00e1metro.<\/p>\n\n\n\n<p>Parece obvio que la segunda encuesta la volver\u00e1 a perder Irineo Molina si se encuentra el tema en manos de Salom\u00f3n Jara y no del Comit\u00e9 Nacional de Morena, porque si la encuesta donde gana Paco Ni\u00f1o es verdadera, la opini\u00f3n de la gente no cambiar\u00e1 de un d\u00eda para otro.&nbsp;<\/p>\n\n\n\n<p>Los salomonistas afirman que el presidente del partido Mario Delgado, le ha pedido a Irineo Molina se quede en la diputaci\u00f3n federal y consolide la 4T. Los salomonistas dicen que en Irineo Molina solo existe el inter\u00e9s personal y no es originario del municipio.<\/p>\n\n\n\n<p>En el grupo de Molina Espinoza ven a Paco Ni\u00f1o como un arribista que no estuvo en el origen de Morena, y si el gan\u00f3 \u201cla primera encuesta\u201d es raro no saliera a defender un triunfo incuestionable, y conf\u00edan en sus n\u00fameros y la debacle de Salom\u00f3n Jara en el estado en las encuestas del CEN, que hasta el momento le han quitado las plazas m\u00e1s ricas y fuertes al senador.<\/p>\n\n\n\n<p>Antes de lo que Mar\u00eda Niv\u00f3n llama la \u201cmasacre a Salom\u00f3n Jara\u201d por las plazas que le han quitado y han puesto en entredicho al todopoderoso senador exiliado en Guerrero, parec\u00eda que Paco Ni\u00f1o no era su prioridad, su prioridad era el Istmo de Tehuantepec o la capital oaxaque\u00f1a donde lo est\u00e1n desmantelando, pero ahora ya no se trata de su ahijado postizo o su soldadera o su enemigo \u00edntimo, se trata de \u00e9l y s\u00f3lo de \u00e9l.<\/p>\n\n\n\n<p>(Nota de la redacci\u00f3n: posterior a la publicaci\u00f3n del art\u00edculo en el sitio El Muro, Irineo Molina fue electo candidato a edil para Tuxtepec).<\/p>\n","protected":false},"excerpt":{"rendered":"<p>Antonio Mundaca\/El Muro. La definici\u00f3n de la candidatura de Morena a la presidencia municipal de&hellip;<\/p>\n","protected":false},"author":2,"featured_media":25435,"comment_status":"closed","ping_status":"open","sticky":false,"template":"","format":"standard","meta":{"_lmt_disableupdate":"","_lmt_disable":"","_jetpack_memberships_contains_paid_content":false,"footnotes":""},"categories":[456,109],"tags":[2565],"class_list":["post-25434","post","type-post","status-publish","format-standard","has-post-thumbnail","hentry","category-columna","category-minuto-a-minuto","tag-antonio-mundaca"],"jetpack_featured_media_url":"https:\/\/zonaroja.com.mx\/wp-content\/uploads\/2021\/04\/opinion-el-muro.jpg","jetpack_sharing_enabled":true,"_links":{"self":[{"href":"https:\/\/zonaroja.com.mx\/index.php?rest_route=\/wp\/v2\/posts\/25434","targetHints":{"allow":["GET"]}}],"collection":[{"href":"https:\/\/zonaroja.com.mx\/index.php?rest_route=\/wp\/v2\/posts"}],"about":[{"href":"https:\/\/zonaroja.com.mx\/index.php?rest_route=\/wp\/v2\/types\/post"}],"author":[{"embeddable":true,"href":"https:\/\/zonaroja.com.mx\/index.php?rest_route=\/wp\/v2\/users\/2"}],"replies":[{"embeddable":true,"href":"https:\/\/zonaroja.com.mx\/index.php?rest_route=%2Fwp%2Fv2%2Fcomments&post=25434"}],"version-history":[{"count":1,"href":"https:\/\/zonaroja.com.mx\/index.php?rest_route=\/wp\/v2\/posts\/25434\/revisions"}],"predecessor-version":[{"id":25436,"href":"https:\/\/zonaroja.com.mx\/index.php?rest_route=\/wp\/v2\/posts\/25434\/revisions\/25436"}],"wp:featuredmedia":[{"embeddable":true,"href":"https:\/\/zonaroja.com.mx\/index.php?rest_route=\/wp\/v2\/media\/25435"}],"wp:attachment":[{"href":"https:\/\/zonaroja.com.mx\/index.php?rest_route=%2Fwp%2Fv2%2Fmedia&parent=25434"}],"wp:term":[{"taxonomy":"category","embeddable":true,"href":"https:\/\/zonaroja.com.mx\/index.php?rest_route=%2Fwp%2Fv2%2Fcategories&post=25434"},{"taxonomy":"post_tag","embeddable":true,"href":"https:\/\/zonaroja.com.mx\/index.php?rest_route=%2Fwp%2Fv2%2Ftags&post=25434"}],"curies":[{"name":"wp","href":"https:\/\/api.w.org\/{rel}","templated":true}]}}