{"id":25445,"date":"2021-04-02T08:22:46","date_gmt":"2021-04-02T14:22:46","guid":{"rendered":"http:\/\/www.zonaroja.com.mx\/?p=25445"},"modified":"2021-04-02T08:22:50","modified_gmt":"2021-04-02T14:22:50","slug":"narra-luis-carriles-la-evolucion-del-periodico-la-prensa","status":"publish","type":"post","link":"https:\/\/zonaroja.com.mx\/?p=25445","title":{"rendered":"Narra Luis Carriles la evoluci\u00f3n del peri\u00f3dico \u201cLa Prensa\u201d"},"content":{"rendered":"\n<p>Redacci\u00f3n\/Zona Roja.<\/p>\n\n\n\n<p>Oaxaca de Ju\u00e1rez, Oax., 2 de abril de 2021.- Los tiempos, la legislaci\u00f3n y el inter\u00e9s de evolucionar de un medio de nota roja a peri\u00f3dico popular fueron factores para que La Prensa se transformara y hoy d\u00eda vuelve a ser referente en la vida de la ciudad de M\u00e9xico.<\/p>\n\n\n\n<p>Eso es parte de las m\u00faltiples an\u00e9cdotas y vivencias que Luis Carriles, director general de \u201cLa Prensa\u201d, comparti\u00f3 virtualmente ante periodistas de Nuevo Le\u00f3n, Veracruz, Morelos, Ciudad de M\u00e9xico y Oaxaca, entre otros.<\/p>\n\n\n\n<p>El ponente destac\u00f3 que la transici\u00f3n de lo \u00abortodoxo\u00bb a lo que hoy d\u00eda se exige ha requerido vencer resistencias externas e internas. \u00abLas internas han sido las m\u00e1s dif\u00edciles, debido a que debes de transitar de lo cotidiano y lugar com\u00fan de la jerga policiaca a nueva redacci\u00f3n que conlleve el respeto a los Derechos Humanos, por ejemplo\u00bb.<\/p>\n\n\n\n<p>Ya quitamos -prosigui\u00f3&#8211; t\u00e9rminos como \u00abla damita, la f\u00e9mina, el hoy occiso, presunto\u00bb por citar s\u00f3lo unos casos. Vamos a la narrativa de todo lo que acontece a nuestro alrededor, con temas de inter\u00e9s para nuestros lectores. No somos nota roja, reiter\u00f3.<\/p>\n\n\n\n<p>La charla \u00abNo somos nota roja; somos un peri\u00f3dico popular\u00bb fue impulsada por la Asociaci\u00f3n de Periodistas de Oaxaca (APO), la Sociedad de Periodistas de Nuevo Le\u00f3n, la consultor\u00eda Lizbeth P\u00e9rez y asociados, Canal de Medios y Naci\u00f3n Mezcal.<\/p>\n\n\n\n<p>De esta manera, la APO cerr\u00f3 sus actividades de marzo con exitosa charla que dej\u00f3 satisfechos a los participantes. En mensajes directos, reconocieron el esfuerzo de la directiva de la APO por impulsar temas de inter\u00e9s period\u00edstico y atractivos para el gremio.<\/p>\n\n\n\n<p>Por su parte, Antonio Gutierrez Sumano, mienbro de la dirigencia de los periodistas oaxaque\u00f1os, destac\u00f3 que esa gremial seguir\u00e1 realizando actividades con especialistas.<\/p>\n\n\n\n<p>\u00abDebemos contribuir a la construcci\u00f3n de una sociedad m\u00e1s y mejor informada, a la actualizaci\u00f3n constante de reporteros y reporteras. Ese es el punto central de lo que nos motiva a realizar actividades virtuales. Hoy d\u00eda, desde Oaxaca, somos punta de lanza en la celebraci\u00f3n de charlas period\u00edsticas en el pa\u00eds\u00bb, concluy\u00f3.<\/p>\n","protected":false},"excerpt":{"rendered":"<p>Redacci\u00f3n\/Zona Roja. Oaxaca de Ju\u00e1rez, Oax., 2 de abril de 2021.- Los tiempos, la legislaci\u00f3n&hellip;<\/p>\n","protected":false},"author":2,"featured_media":25446,"comment_status":"closed","ping_status":"open","sticky":false,"template":"","format":"standard","meta":{"_lmt_disableupdate":"","_lmt_disable":"","_jetpack_memberships_contains_paid_content":false,"footnotes":""},"categories":[109,46],"tags":[1041,2566],"class_list":["post-25445","post","type-post","status-publish","format-standard","has-post-thumbnail","hentry","category-minuto-a-minuto","category-zona-blanca","tag-asociacion-de-periodistas-de-oaxaca-apo","tag-luis-carriles"],"jetpack_featured_media_url":"https:\/\/zonaroja.com.mx\/wp-content\/uploads\/2021\/04\/Luis-Carriles.jpg","jetpack_sharing_enabled":true,"_links":{"self":[{"href":"https:\/\/zonaroja.com.mx\/index.php?rest_route=\/wp\/v2\/posts\/25445","targetHints":{"allow":["GET"]}}],"collection":[{"href":"https:\/\/zonaroja.com.mx\/index.php?rest_route=\/wp\/v2\/posts"}],"about":[{"href":"https:\/\/zonaroja.com.mx\/index.php?rest_route=\/wp\/v2\/types\/post"}],"author":[{"embeddable":true,"href":"https:\/\/zonaroja.com.mx\/index.php?rest_route=\/wp\/v2\/users\/2"}],"replies":[{"embeddable":true,"href":"https:\/\/zonaroja.com.mx\/index.php?rest_route=%2Fwp%2Fv2%2Fcomments&post=25445"}],"version-history":[{"count":1,"href":"https:\/\/zonaroja.com.mx\/index.php?rest_route=\/wp\/v2\/posts\/25445\/revisions"}],"predecessor-version":[{"id":25447,"href":"https:\/\/zonaroja.com.mx\/index.php?rest_route=\/wp\/v2\/posts\/25445\/revisions\/25447"}],"wp:featuredmedia":[{"embeddable":true,"href":"https:\/\/zonaroja.com.mx\/index.php?rest_route=\/wp\/v2\/media\/25446"}],"wp:attachment":[{"href":"https:\/\/zonaroja.com.mx\/index.php?rest_route=%2Fwp%2Fv2%2Fmedia&parent=25445"}],"wp:term":[{"taxonomy":"category","embeddable":true,"href":"https:\/\/zonaroja.com.mx\/index.php?rest_route=%2Fwp%2Fv2%2Fcategories&post=25445"},{"taxonomy":"post_tag","embeddable":true,"href":"https:\/\/zonaroja.com.mx\/index.php?rest_route=%2Fwp%2Fv2%2Ftags&post=25445"}],"curies":[{"name":"wp","href":"https:\/\/api.w.org\/{rel}","templated":true}]}}