{"id":25448,"date":"2021-04-02T08:28:04","date_gmt":"2021-04-02T14:28:04","guid":{"rendered":"http:\/\/www.zonaroja.com.mx\/?p=25448"},"modified":"2021-04-02T08:28:08","modified_gmt":"2021-04-02T14:28:08","slug":"fue-homicidio-no-error-humano-muerte-de-menor-en-quintana-roo","status":"publish","type":"post","link":"https:\/\/zonaroja.com.mx\/?p=25448","title":{"rendered":"Fue homicidio, no \u201cerror humano\u201d, muerte de menor en Quintana Roo"},"content":{"rendered":"\n<p>Redacci\u00f3n\/Zona Roja Cdmx.<\/p>\n\n\n\n<p>Ciudad de M\u00e9xico, 2 de abril de 2021.- El vicefiscal de procesos de Quintana Roo, Jos\u00e9 Carlos Villarreal Rosillo, amenaz\u00f3 al cardi\u00f3logo Miguel \u00c1ngel Luna Calvo, residente en Durango, con no entregarle el cuerpo de su hijo Leo, muerto despu\u00e9s de que lo succion\u00f3 el sistema de filtraci\u00f3n de uno de los r\u00edos artificiales del parque tem\u00e1tico Xenses \u2013propiedad del consorcio Grupo Xcaret\u2013 si no firmaba un perd\u00f3n para el establecimiento, inform\u00f3 el m\u00e9dico.<\/p>\n\n\n\n<p>La Fiscal\u00eda General del Estado (FGE) quintanarroense integr\u00f3 una investigaci\u00f3n por homicidio culposo contra quien resulte responsable por el deceso del adolescente de 13 a\u00f1os de edad.<\/p>\n\n\n\n<p>Seg\u00fan M\u00f3nica G\u00f3mez, abogada de la familia del menor, la FGE pretende encubrir las irregularidades en la investigaci\u00f3n. En tanto, autoridades de protecci\u00f3n civil del municipio de Solidaridad clausuraron la atracci\u00f3n Riolajante, donde sucedi\u00f3 el accidente.<\/p>\n\n\n\n<p>Luna Calvo viaj\u00f3 a Quintana Roo con su esposa y sus cuatro hijos el 26 de marzo para celebrar que sobrevivieron luego de que el galeno contrajo coronavirus y contagi\u00f3 a su familia.<\/p>\n\n\n\n<p>El d\u00eda 27 visitaron el parque acu\u00e1tico Xenses, ubicado en Playa del Carmen, cabecera municipal de Solidaridad. Miguel \u00c1ngel y Leo entraron al Riolajante, un cauce de agua salada, y un sistema de filtraci\u00f3n de agua succion\u00f3 al muchacho.<\/p>\n\n\n\n<p>\u00c9l cardi\u00f3logo intent\u00f3 rescatarlo y tambi\u00e9n fue succionado, pero logr\u00f3 liberarse y retir\u00f3 del dispositivo a su v\u00e1stago, quien no presentaba signos vitales, por lo que Luna Calvo le dio respiraci\u00f3n boca a boca y el menor recuper\u00f3 el aliento.<\/p>\n\n\n\n<p>Cuando por fin llegaron empleados del parque, el especialista les solicit\u00f3 un respirador, pero no ten\u00edan. Al cabo de unos minutos arrib\u00f3 una ambulancia que carec\u00eda de tanques de ox\u00edgeno.<\/p>\n\n\n\n<p>Seg\u00fan Luna, los empleados del parque y de la ambulancia no ten\u00edan noci\u00f3n de qu\u00e9 son los primeros auxilios. El veh\u00edculo los traslad\u00f3 al hospital privado Amerimed. A decir del cardi\u00f3logo, su hijo necesitaba un cat\u00e9ter, pero ning\u00fan m\u00e9dico o enfermera se lo puso y \u00e9l ofreci\u00f3 a hacerlo, lo que le fue impedido.<\/p>\n\n\n\n<p>Leo falleci\u00f3 a la ma\u00f1ana siguiente. El cardi\u00f3logo pretendi\u00f3 usar alguno de sus dos seguros m\u00e9dicos, y cuando iba a saldar la cuenta personal de Amerimed le dijo que todo estaba pagado, sin aclarar por qui\u00e9n.<\/p>\n\n\n\n<p>Busc\u00f3 sacar el cuerpo de su hijo de Quintana Roo, pero el vicefiscal Villarreal Rosillo se lo impidi\u00f3 y le advirti\u00f3 que si quer\u00eda recuperar el cad\u00e1ver primero ten\u00eda que firmar un perd\u00f3n al parque Xenses.<\/p>\n\n\n\n<p>Ante la insistencia de la c\u00f3nyuge del galeno, \u00e9ste acept\u00f3 firmar el perd\u00f3n, pero al querer agregarle una declaratoria, el vicefiscal se neg\u00f3. Me hinqu\u00e9 para pedirles me permitieran poner la declaratoria de hechos, mientras mi esposa me ped\u00eda que ya firmara el perd\u00f3n para sacar de ah\u00ed a Leo. Al final, qued\u00f3 una peque\u00f1a declaraci\u00f3n, se\u00f1al\u00f3.<\/p>\n\n\n\n<p>Ya en la capital de Durango, ante el f\u00e9retro de su hijo, Miguel \u00c1ngel Luna record\u00f3 que un trabajador del parque le dijo que no era la primera vez que pasaba un accidente similar.<\/p>\n\n\n\n<p>Xenses emiti\u00f3 ayer un comunicado en el cual argument\u00f3 que el percance fue por un error humano y reconoci\u00f3 que se hicieron trabajos no autorizados en la zona donde ocurri\u00f3 el percance.<\/p>\n\n\n\n<p>Por su parte, H\u00e9ctor Flores \u00c1valos, secretario general de Gobierno de Durango, dijo que el gobernador Jos\u00e9 Aispuro Torres se comunic\u00f3 con su hom\u00f3logo de Quintana Roo, Carlos Joaqu\u00edn Gonz\u00e1lez, para solicitarle esclarecer el caso.<\/p>\n\n\n\n<p>(Informaci\u00f3n de \u201cLa Jornada\u201d)<\/p>\n","protected":false},"excerpt":{"rendered":"<p>Redacci\u00f3n\/Zona Roja Cdmx. Ciudad de M\u00e9xico, 2 de abril de 2021.- El vicefiscal de procesos&hellip;<\/p>\n","protected":false},"author":2,"featured_media":25449,"comment_status":"closed","ping_status":"open","sticky":false,"template":"","format":"standard","meta":{"_lmt_disableupdate":"","_lmt_disable":"","_jetpack_memberships_contains_paid_content":false,"footnotes":""},"categories":[109,47],"tags":[2567],"class_list":["post-25448","post","type-post","status-publish","format-standard","has-post-thumbnail","hentry","category-minuto-a-minuto","category-zona-gris","tag-xenses-quintana-roo"],"jetpack_featured_media_url":"https:\/\/zonaroja.com.mx\/wp-content\/uploads\/2021\/04\/Xenses.jpg","jetpack_sharing_enabled":true,"_links":{"self":[{"href":"https:\/\/zonaroja.com.mx\/index.php?rest_route=\/wp\/v2\/posts\/25448","targetHints":{"allow":["GET"]}}],"collection":[{"href":"https:\/\/zonaroja.com.mx\/index.php?rest_route=\/wp\/v2\/posts"}],"about":[{"href":"https:\/\/zonaroja.com.mx\/index.php?rest_route=\/wp\/v2\/types\/post"}],"author":[{"embeddable":true,"href":"https:\/\/zonaroja.com.mx\/index.php?rest_route=\/wp\/v2\/users\/2"}],"replies":[{"embeddable":true,"href":"https:\/\/zonaroja.com.mx\/index.php?rest_route=%2Fwp%2Fv2%2Fcomments&post=25448"}],"version-history":[{"count":1,"href":"https:\/\/zonaroja.com.mx\/index.php?rest_route=\/wp\/v2\/posts\/25448\/revisions"}],"predecessor-version":[{"id":25450,"href":"https:\/\/zonaroja.com.mx\/index.php?rest_route=\/wp\/v2\/posts\/25448\/revisions\/25450"}],"wp:featuredmedia":[{"embeddable":true,"href":"https:\/\/zonaroja.com.mx\/index.php?rest_route=\/wp\/v2\/media\/25449"}],"wp:attachment":[{"href":"https:\/\/zonaroja.com.mx\/index.php?rest_route=%2Fwp%2Fv2%2Fmedia&parent=25448"}],"wp:term":[{"taxonomy":"category","embeddable":true,"href":"https:\/\/zonaroja.com.mx\/index.php?rest_route=%2Fwp%2Fv2%2Fcategories&post=25448"},{"taxonomy":"post_tag","embeddable":true,"href":"https:\/\/zonaroja.com.mx\/index.php?rest_route=%2Fwp%2Fv2%2Ftags&post=25448"}],"curies":[{"name":"wp","href":"https:\/\/api.w.org\/{rel}","templated":true}]}}