{"id":2545,"date":"2019-07-26T22:10:55","date_gmt":"2019-07-27T03:10:55","guid":{"rendered":"http:\/\/www.zonaroja.com.mx\/?p=2545"},"modified":"2019-07-26T22:10:57","modified_gmt":"2019-07-27T03:10:57","slug":"viernes-fatal-un-asesinado-en-istmo-y-cuatro-asaltos-en-capital-y-zona-conurbada","status":"publish","type":"post","link":"https:\/\/zonaroja.com.mx\/?p=2545","title":{"rendered":"Viernes fatal: un asesinado en Istmo y cuatro asaltos en capital y zona conurbada"},"content":{"rendered":"\n<p>Ismael\nGarc\u00eda M.<\/p>\n\n\n\n<p>Oaxaca de\nJu\u00e1rez, Oax., 26 de julio de 2019.- En plenas fiestas de la Guelaguetza, con la\ncapital abarrotada de turistas y pese a operativos policiacos, este viernes se\nregistr\u00f3 el fallecimiento de una persona atacada a balazos, dos asaltos a tiendas\nOxxo en Santa Luc\u00eda del Camino, y un atraco a cuentahabiente y a una tienda de\nregalos, en la ciudad de Oaxaca.<\/p>\n\n\n\n<p>La madrugada\nde hoy falleci\u00f3 en el Hospital General de Juchit\u00e1n de Zaragoza un individuo\nidentificado como Mart\u00edn M. de la C., quien en las primeras horas de ayer\nrecibi\u00f3 al menos seis disparos de arma de fuego, en el fraccionamiento IVO.<\/p>\n\n\n\n<p>El hoy\nocciso ten\u00eda su domicilio en la calle Allende de la S\u00e9ptima Secci\u00f3n y a\u00fan se\ndesconoce por qu\u00e9 fue agredido a balazos; no hay personas detenidas.<\/p>\n\n\n\n<p>Por otra parte, en la ma\u00f1ana fue asaltada una tienda de regalos ubicada en la calle Netzahualc\u00f3yotl de la colonia Reforma de la ciudad de Oaxaca; un sujeto amag\u00f3 con una navaja a la empleada y se rob\u00f3 aproximadamente 600 pesos; la v\u00edctima llam\u00f3 a una patrulla que pasaba en ese momento por la zona, pero hizo caso omiso.<\/p>\n\n\n\n<figure class=\"wp-block-embed-twitter wp-block-embed is-type-rich is-provider-twitter\"><div class=\"wp-block-embed__wrapper\">\n<div class=\"twitter-tweet\"><blockquote class=\"twitter-tweet\" data-lang=\"es\"><p lang=\"es\" dir=\"ltr\"><a href=\"https:\/\/twitter.com\/hashtag\/OaxacaRojo?src=hash&amp;ref_src=twsrc%5Etfw\">#OaxacaRojo<\/a><br>Muy grave inseguridad en plena <a href=\"https:\/\/twitter.com\/hashtag\/Guelaguetza2019?src=hash&amp;ref_src=twsrc%5Etfw\">#Guelaguetza2019<\/a>. Hoy asalto a dos tiendas Oxxo en Santa Luc\u00eda del Camino; atraco a cuentahabiente al sur de la ciudad de Oaxaca, colindante con Santa Cruz Xoxocotl\u00e1n, y robo a una tienda de regalos en la colonia Reforma de la ciudad. <a href=\"https:\/\/t.co\/HwJKYsnRSR\">pic.twitter.com\/HwJKYsnRSR<\/a><\/p>&mdash; Zona Roja Oaxaca (@MexRoja) <a href=\"https:\/\/twitter.com\/MexRoja\/status\/1154947342614892550?ref_src=twsrc%5Etfw\">27 de julio de 2019<\/a><\/blockquote><\/div>\n<\/div><\/figure>\n\n\n\n<p>Al mediod\u00eda\nde este viernes se registr\u00f3 un asalto a un cuentahabiente en la sucursal de\nInbursa, ubicada sobre la avenida Universidad, en la colindancia de la ciudad\nde Oaxaca con Santa Cruz Xoxocotl\u00e1n; a la v\u00edctima le arrebataron alrededor de\n120 mil pesos.<\/p>\n\n\n\n<p>Hace dos\nsemanas ya hab\u00eda ocurrido un asalto en esa misma sucursal, en que quitaron con violencia\na un individuo aproximadamente 500 mil pesos; en esa ocasi\u00f3n los polic\u00edas\nreaccionaron y detuvieron a dos probables maleantes y recuperaron parte del\ndinero.<\/p>\n\n\n\n<p>Poco despu\u00e9s\ndel mediod\u00eda, se report\u00f3 un asalto a la tienda Oxxo ubicada sobre la avenida\nFerrocarril esquina con San Diego de los Hornos, Santa Luc\u00eda del Camino; un\nindividuo ingres\u00f3 y amag\u00f3 a empleados y clientes y se llev\u00f3 dinero en efectivo,\nadem\u00e1s de equipos celulares.<\/p>\n\n\n\n<p>Por la noche\nde hoy, fue asaltada otra tienda Oxxo, ubicada en la calle Orqu\u00eddeas de la\ncolonia Las Flores, Santa Luc\u00eda del Camino, que hace dos semanas tambi\u00e9n fue\nv\u00edctima de un atraco.<\/p>\n","protected":false},"excerpt":{"rendered":"<p>Ismael Garc\u00eda M. Oaxaca de Ju\u00e1rez, Oax., 26 de julio de 2019.- En plenas fiestas&hellip;<\/p>\n","protected":false},"author":2,"featured_media":2546,"comment_status":"closed","ping_status":"open","sticky":false,"template":"","format":"standard","meta":{"_lmt_disableupdate":"","_lmt_disable":"","_jetpack_memberships_contains_paid_content":false,"footnotes":""},"categories":[109,51],"tags":[407],"class_list":["post-2545","post","type-post","status-publish","format-standard","has-post-thumbnail","hentry","category-minuto-a-minuto","category-zona-roja","tag-asesinado-y-asaltos-en-la-capital-de-oaxaca-y-santa-lucia-del-camino"],"jetpack_featured_media_url":"https:\/\/zonaroja.com.mx\/wp-content\/uploads\/2019\/07\/IMG_3521.jpg","jetpack_sharing_enabled":true,"_links":{"self":[{"href":"https:\/\/zonaroja.com.mx\/index.php?rest_route=\/wp\/v2\/posts\/2545","targetHints":{"allow":["GET"]}}],"collection":[{"href":"https:\/\/zonaroja.com.mx\/index.php?rest_route=\/wp\/v2\/posts"}],"about":[{"href":"https:\/\/zonaroja.com.mx\/index.php?rest_route=\/wp\/v2\/types\/post"}],"author":[{"embeddable":true,"href":"https:\/\/zonaroja.com.mx\/index.php?rest_route=\/wp\/v2\/users\/2"}],"replies":[{"embeddable":true,"href":"https:\/\/zonaroja.com.mx\/index.php?rest_route=%2Fwp%2Fv2%2Fcomments&post=2545"}],"version-history":[{"count":1,"href":"https:\/\/zonaroja.com.mx\/index.php?rest_route=\/wp\/v2\/posts\/2545\/revisions"}],"predecessor-version":[{"id":2547,"href":"https:\/\/zonaroja.com.mx\/index.php?rest_route=\/wp\/v2\/posts\/2545\/revisions\/2547"}],"wp:featuredmedia":[{"embeddable":true,"href":"https:\/\/zonaroja.com.mx\/index.php?rest_route=\/wp\/v2\/media\/2546"}],"wp:attachment":[{"href":"https:\/\/zonaroja.com.mx\/index.php?rest_route=%2Fwp%2Fv2%2Fmedia&parent=2545"}],"wp:term":[{"taxonomy":"category","embeddable":true,"href":"https:\/\/zonaroja.com.mx\/index.php?rest_route=%2Fwp%2Fv2%2Fcategories&post=2545"},{"taxonomy":"post_tag","embeddable":true,"href":"https:\/\/zonaroja.com.mx\/index.php?rest_route=%2Fwp%2Fv2%2Ftags&post=2545"}],"curies":[{"name":"wp","href":"https:\/\/api.w.org\/{rel}","templated":true}]}}