{"id":25451,"date":"2021-04-02T12:24:35","date_gmt":"2021-04-02T18:24:35","guid":{"rendered":"http:\/\/www.zonaroja.com.mx\/?p=25451"},"modified":"2021-04-02T12:24:39","modified_gmt":"2021-04-02T18:24:39","slug":"viernes-santo-cobra-la-vida-de-cinco-personas-en-accidente-en-oaxaca","status":"publish","type":"post","link":"https:\/\/zonaroja.com.mx\/?p=25451","title":{"rendered":"Viernes Santo cobra la vida de cinco personas en accidente en Oaxaca"},"content":{"rendered":"\n<p>Yuridiana Sosa\/Zona Roja.<\/p>\n\n\n\n<p>Oaxaca de Ju\u00e1rez, Oax., 2 de abril de 2021.- Un choque entre dos veh\u00edculos sobre la carretera federal Trans\u00edstmica 185, en la regi\u00f3n del Istmo de Oaxaca, cobr\u00f3 la vida de cinco personas y cuatro m\u00e1s resultaron lesionados.<\/p>\n\n\n\n<p>Este viernes Santos, cerca de las 07:00 horas se report\u00f3 el accidente mortal sobre la v\u00eda Salina Cruz-Coatzacoalcos, en inmediaciones del paraje \u201cEl Polvor\u00edn\u201d, entre Palomares y Mat\u00edas Romero, donde dos camionetas estuvieron involucradas.<\/p>\n\n\n\n<p>El reporte preliminar por parte de las autoridades policiales indica que cuatro masculinos y una mujer fallecieron en el lugar a consecuencia del fuerte impacto, mientras cuatro m\u00e1s resultaron heridas, una de ellas qued\u00f3 prensada en la unidad de servicio p\u00fablico involucrado.<\/p>\n\n\n\n<p>Entre las personas identificadas se dio a conocer la identidad de Jos\u00e9 Luis M\u00e9ndez, de oficio ganadero, quien iba a bordo de una camioneta Ford, con placas del estado de Veracruz.<\/p>\n\n\n\n<p>Mientras que el otro veh\u00edculo involucrado fue una camioneta Nissan, color rojo, del servicio mixto de pasaje y carga, sin placas, de la ruta Palomares-Mat\u00edas Romero.<\/p>\n\n\n\n<p>De acuerdo con el reporte de las autoridades, las personas lesionadas fueron trasladadas al hospital de Mat\u00edas Romero de Avenda\u00f1o<\/p>\n\n\n\n<p>Debido al accidente la vialidad fue cerrada, asistido por la polic\u00eda de caminos de la Guardia Nacional. <\/p>\n","protected":false},"excerpt":{"rendered":"<p>Yuridiana Sosa\/Zona Roja. Oaxaca de Ju\u00e1rez, Oax., 2 de abril de 2021.- Un choque entre&hellip;<\/p>\n","protected":false},"author":2,"featured_media":25452,"comment_status":"closed","ping_status":"open","sticky":false,"template":"","format":"standard","meta":{"_lmt_disableupdate":"","_lmt_disable":"","_jetpack_memberships_contains_paid_content":false,"footnotes":""},"categories":[109,51],"tags":[2568],"class_list":["post-25451","post","type-post","status-publish","format-standard","has-post-thumbnail","hentry","category-minuto-a-minuto","category-zona-roja","tag-accidente-matias-romero"],"jetpack_featured_media_url":"https:\/\/zonaroja.com.mx\/wp-content\/uploads\/2021\/04\/Accidente-Matias-Romero.jpg","jetpack_sharing_enabled":true,"_links":{"self":[{"href":"https:\/\/zonaroja.com.mx\/index.php?rest_route=\/wp\/v2\/posts\/25451","targetHints":{"allow":["GET"]}}],"collection":[{"href":"https:\/\/zonaroja.com.mx\/index.php?rest_route=\/wp\/v2\/posts"}],"about":[{"href":"https:\/\/zonaroja.com.mx\/index.php?rest_route=\/wp\/v2\/types\/post"}],"author":[{"embeddable":true,"href":"https:\/\/zonaroja.com.mx\/index.php?rest_route=\/wp\/v2\/users\/2"}],"replies":[{"embeddable":true,"href":"https:\/\/zonaroja.com.mx\/index.php?rest_route=%2Fwp%2Fv2%2Fcomments&post=25451"}],"version-history":[{"count":1,"href":"https:\/\/zonaroja.com.mx\/index.php?rest_route=\/wp\/v2\/posts\/25451\/revisions"}],"predecessor-version":[{"id":25453,"href":"https:\/\/zonaroja.com.mx\/index.php?rest_route=\/wp\/v2\/posts\/25451\/revisions\/25453"}],"wp:featuredmedia":[{"embeddable":true,"href":"https:\/\/zonaroja.com.mx\/index.php?rest_route=\/wp\/v2\/media\/25452"}],"wp:attachment":[{"href":"https:\/\/zonaroja.com.mx\/index.php?rest_route=%2Fwp%2Fv2%2Fmedia&parent=25451"}],"wp:term":[{"taxonomy":"category","embeddable":true,"href":"https:\/\/zonaroja.com.mx\/index.php?rest_route=%2Fwp%2Fv2%2Fcategories&post=25451"},{"taxonomy":"post_tag","embeddable":true,"href":"https:\/\/zonaroja.com.mx\/index.php?rest_route=%2Fwp%2Fv2%2Ftags&post=25451"}],"curies":[{"name":"wp","href":"https:\/\/api.w.org\/{rel}","templated":true}]}}