{"id":25460,"date":"2021-04-02T15:01:25","date_gmt":"2021-04-02T21:01:25","guid":{"rendered":"http:\/\/www.zonaroja.com.mx\/?p=25460"},"modified":"2021-04-02T15:01:28","modified_gmt":"2021-04-02T21:01:28","slug":"organizacion-front-line-defenders-condena-asesinatos-en-paso-de-la-reyna","status":"publish","type":"post","link":"https:\/\/zonaroja.com.mx\/?p=25460","title":{"rendered":"Organizaci\u00f3n Front Line Defenders condena asesinatos en Paso de la Reyna"},"content":{"rendered":"\n<p>Evlin Arag\u00f3n\/Zona Roja.<\/p>\n\n\n\n<p>Oaxaca de Ju\u00e1rez, Oax., 2 de abril de 2021.- Front Line Defenders, organismo internacional en defensa de los derechos humanos, conden\u00f3 en\u00e9rgicamente los asesinatos de los defensores ambientales Fidel Heras Cruz y Jaime Jim\u00e9nez Ruiz e hizo un llamado a las autoridades federales y estatales, encabezadas por Andr\u00e9s Manuel L\u00f3pez Obrador y Alejandro Murat Hinojosa, a esclarecer las circunstancias de estos cr\u00edmenes.<\/p>\n\n\n\n<p>As\u00ed lo dio a conocer mediante un comunicado de prensa en donde manifest\u00f3 su amplia preocupaci\u00f3n por el incremento de la violencia en la zona en perjuicio de toda la poblaci\u00f3n y no s\u00f3lo de quienes defienden el territorio.&nbsp;<\/p>\n\n\n\n<p>En este sentido, puso de manifiesto que es indispensable, que las autoridades de procuraci\u00f3n de justicia, identifiquen a los responsables de la violencia en Paso de la Reyna, localidad perteneciente al municipio de Santiago Jamiltepec, y presentarlos ante la justicia, a fin de garantizar la labor de las personas defensoras de derechos humanos.<\/p>\n\n\n\n<p>Por lo tanto, las inst\u00f3 tambi\u00e9n a tomar las medidas necesarias que garantice la seguridad, no s\u00f3lo de los defensores del territorio, sino de toda la comunidad que vive en la incertidumbre ante la violencia que ha dejado cinco v\u00edctimas mortales en lo que va del a\u00f1o.&nbsp;<\/p>\n\n\n\n<p>\u201cFront Line Defenders destaca el trabajo leg\u00edtimo y pac\u00edfico que las personas habitantes de la comunidad de Paso de la Reyna han realizado en contra de la imposici\u00f3n de megaproyectos en las comunidades ind\u00edgenas y afromexicanas de la costa de Oaxaca y reitera su preocupaci\u00f3n hacia el clima de impunidad y la falta de condiciones de seguridad adecuadas para defensores de derechos humanos en el estado de Oaxaca\u201d, refiere el documento.&nbsp;<\/p>\n\n\n\n<p>El organismo internacional explic\u00f3 que la comunidad ha denunciado de manera reiterada el autoritarismo del sistema caciquil en relaci\u00f3n con la propiedad y explotaci\u00f3n de los recursos naturales, as\u00ed como la impunidad de las autoridades, como las principales razones del incremento de la violencia en la zona&nbsp;<\/p>\n\n\n\n<p>As\u00ed mismo, la poblaci\u00f3n hizo evidente la falta de inter\u00e9s por parte de las autoridades estatales y federales en los asuntos que tienen que ver con los derechos y la seguridad de las y los habitantes de Paso de la Reyna, prueba de ello es que hasta el 30 de marzo ninguna instancia se hab\u00eda presentado en el territorio pese a la advertencia de nuevo ataques.&nbsp;<\/p>\n\n\n\n<p>Record\u00f3 que fue el pasado 28 de marzo de 2021, cuando el defensor chatino de la tierra y l\u00edder del movimiento por la defensa del R\u00edo Verde, Jaime Jim\u00e9nez Ruiz fue asesinado con arma de fuego por sujetos desconocidos en el camino de Santiago Jamiltepec a Paso de la Reyna.<\/p>\n\n\n\n<p>D\u00edas antes, el 14 y 15 de marzo de 2021, Raymundo Robles Ria\u00f1o, No\u00e9 Robles Cruz y Gerardo Mendoza Reyes, tres integrantes ind\u00edgenas chatinos de la comunidad, tambi\u00e9n fueron asesinados por sujetos desconocidos en el barrio Chico de Paso de la Reyna.<\/p>\n\n\n\n<p>Mientras que, el 23 de enero de 2021, se encontr\u00f3 el cuerpo sin vida del defensor chatino de la tierra Fidel Heras Cruz en la comunidad&nbsp; de La Esperanza, quien al momento fung\u00eda como el presidente del Comisariado Ejidal de Paso de la Reyna y ten\u00eda una larga lucha dentro del Consejo de Pueblos Unidos para la Defensa del R\u00edo Verde (Copudever).<\/p>\n\n\n\n<p>Dicho crimen, pese al tiempo transcurrido, permanece impune y sin investigaciones en curso por parte de las autoridades estatales, lo que ha permitido nuevos hechos de violencia en la zona, que afectan el tejido social y la seguridad de la comunidad que s\u00f3lo cuenta con 500 habitantes.<\/p>\n","protected":false},"excerpt":{"rendered":"<p>Evlin Arag\u00f3n\/Zona Roja. Oaxaca de Ju\u00e1rez, Oax., 2 de abril de 2021.- Front Line Defenders,&hellip;<\/p>\n","protected":false},"author":2,"featured_media":25404,"comment_status":"closed","ping_status":"open","sticky":false,"template":"","format":"standard","meta":{"_lmt_disableupdate":"","_lmt_disable":"","_jetpack_memberships_contains_paid_content":false,"footnotes":""},"categories":[109,47],"tags":[2397],"class_list":["post-25460","post","type-post","status-publish","format-standard","has-post-thumbnail","hentry","category-minuto-a-minuto","category-zona-gris","tag-paso-de-la-reyna-jamiltepec"],"jetpack_featured_media_url":"https:\/\/zonaroja.com.mx\/wp-content\/uploads\/2021\/04\/Paso-de-la-Reyna-Jamiltepec.jpg","jetpack_sharing_enabled":true,"_links":{"self":[{"href":"https:\/\/zonaroja.com.mx\/index.php?rest_route=\/wp\/v2\/posts\/25460","targetHints":{"allow":["GET"]}}],"collection":[{"href":"https:\/\/zonaroja.com.mx\/index.php?rest_route=\/wp\/v2\/posts"}],"about":[{"href":"https:\/\/zonaroja.com.mx\/index.php?rest_route=\/wp\/v2\/types\/post"}],"author":[{"embeddable":true,"href":"https:\/\/zonaroja.com.mx\/index.php?rest_route=\/wp\/v2\/users\/2"}],"replies":[{"embeddable":true,"href":"https:\/\/zonaroja.com.mx\/index.php?rest_route=%2Fwp%2Fv2%2Fcomments&post=25460"}],"version-history":[{"count":1,"href":"https:\/\/zonaroja.com.mx\/index.php?rest_route=\/wp\/v2\/posts\/25460\/revisions"}],"predecessor-version":[{"id":25461,"href":"https:\/\/zonaroja.com.mx\/index.php?rest_route=\/wp\/v2\/posts\/25460\/revisions\/25461"}],"wp:featuredmedia":[{"embeddable":true,"href":"https:\/\/zonaroja.com.mx\/index.php?rest_route=\/wp\/v2\/media\/25404"}],"wp:attachment":[{"href":"https:\/\/zonaroja.com.mx\/index.php?rest_route=%2Fwp%2Fv2%2Fmedia&parent=25460"}],"wp:term":[{"taxonomy":"category","embeddable":true,"href":"https:\/\/zonaroja.com.mx\/index.php?rest_route=%2Fwp%2Fv2%2Fcategories&post=25460"},{"taxonomy":"post_tag","embeddable":true,"href":"https:\/\/zonaroja.com.mx\/index.php?rest_route=%2Fwp%2Fv2%2Ftags&post=25460"}],"curies":[{"name":"wp","href":"https:\/\/api.w.org\/{rel}","templated":true}]}}