{"id":25469,"date":"2021-04-02T15:30:36","date_gmt":"2021-04-02T21:30:36","guid":{"rendered":"http:\/\/www.zonaroja.com.mx\/?p=25469"},"modified":"2021-04-02T15:30:40","modified_gmt":"2021-04-02T21:30:40","slug":"una-decada-despues-detienen-en-cdmx-a-presunto-feminicida-oaxaqueno","status":"publish","type":"post","link":"https:\/\/zonaroja.com.mx\/?p=25469","title":{"rendered":"Una d\u00e9cada despu\u00e9s, detienen en Cdmx a presunto feminicida oaxaque\u00f1o"},"content":{"rendered":"\n<p>Redacci\u00f3n\/Zona Roja.<\/p>\n\n\n\n<p>Oaxaca de Ju\u00e1rez, Oax., 2 de abril de 2021.- Abraham Abdal\u00e1 R. S., presunto feminicida de Leslye W. P., cometido en el a\u00f1o 2011, fue detenido en la Ciudad de M\u00e9xico.<\/p>\n\n\n\n<p>De acuerdo con un comunicado de la Fiscal\u00eda General del Estado de Oaxaca, la aprehensi\u00f3n se logr\u00f3 mediante elementos de la Coordinaci\u00f3n Nacional Antisecuestro (Conase).<\/p>\n\n\n\n<p>El probable responsable fue aprehendido en la Alcald\u00eda Gustavo A. Madero de la Ciudad de M\u00e9xico, tras la labor de investigaci\u00f3n y trabajos de inteligencia por parte del grupo Fuerza Especial de Reacci\u00f3n Inmediata (FERI) de la Agencia Estatal de Investigaciones y de la Conase.<\/p>\n\n\n\n<p>De acuerdo con la averiguaci\u00f3n previa 1726(H.C.)2011, el 21 de noviembre de 2011, alrededor de las 11:00 horas, la v\u00edctima fue agredida y privada de la vida probablemente por el inculpado y otras personas, cuando se encontraba en el Edificio 20 del fraccionamiento Punta Vizcaya, jurisdicci\u00f3n del municipio de San Sebasti\u00e1n Tutla, para luego lanzarla desde el sexto piso.<\/p>\n\n\n\n<p>Ante estos hechos y luego de una exhaustiva investigaci\u00f3n, logro que se librara orden de aprehensi\u00f3n en contra de diversas personas en la Causa Penal 121\/2013, el hoy detenido es una de ellas.<\/p>\n\n\n\n<p>Indic\u00f3 que el probable homicida &#8211;hijo de la ex senadora priista Cirila S\u00e1nchez Mendoza&#8211; ser\u00e1 trasladado de forma inmediata ante la autoridad judicial que lo requiri\u00f3, quien determinar\u00e1 su situaci\u00f3n jur\u00eddica en las pr\u00f3ximas horas.<\/p>\n","protected":false},"excerpt":{"rendered":"<p>Redacci\u00f3n\/Zona Roja. Oaxaca de Ju\u00e1rez, Oax., 2 de abril de 2021.- Abraham Abdal\u00e1 R. S.,&hellip;<\/p>\n","protected":false},"author":2,"featured_media":25470,"comment_status":"closed","ping_status":"open","sticky":false,"template":"","format":"standard","meta":{"_lmt_disableupdate":"","_lmt_disable":"","_jetpack_memberships_contains_paid_content":false,"footnotes":""},"categories":[109,47],"tags":[2570,2571],"class_list":["post-25469","post","type-post","status-publish","format-standard","has-post-thumbnail","hentry","category-minuto-a-minuto","category-zona-gris","tag-abraham-abdala-r-s","tag-leslye-wilson-p"],"jetpack_featured_media_url":"https:\/\/zonaroja.com.mx\/wp-content\/uploads\/2021\/04\/Feminicidio-Leslye-Wilson-Perez.jpg","jetpack_sharing_enabled":true,"_links":{"self":[{"href":"https:\/\/zonaroja.com.mx\/index.php?rest_route=\/wp\/v2\/posts\/25469","targetHints":{"allow":["GET"]}}],"collection":[{"href":"https:\/\/zonaroja.com.mx\/index.php?rest_route=\/wp\/v2\/posts"}],"about":[{"href":"https:\/\/zonaroja.com.mx\/index.php?rest_route=\/wp\/v2\/types\/post"}],"author":[{"embeddable":true,"href":"https:\/\/zonaroja.com.mx\/index.php?rest_route=\/wp\/v2\/users\/2"}],"replies":[{"embeddable":true,"href":"https:\/\/zonaroja.com.mx\/index.php?rest_route=%2Fwp%2Fv2%2Fcomments&post=25469"}],"version-history":[{"count":1,"href":"https:\/\/zonaroja.com.mx\/index.php?rest_route=\/wp\/v2\/posts\/25469\/revisions"}],"predecessor-version":[{"id":25471,"href":"https:\/\/zonaroja.com.mx\/index.php?rest_route=\/wp\/v2\/posts\/25469\/revisions\/25471"}],"wp:featuredmedia":[{"embeddable":true,"href":"https:\/\/zonaroja.com.mx\/index.php?rest_route=\/wp\/v2\/media\/25470"}],"wp:attachment":[{"href":"https:\/\/zonaroja.com.mx\/index.php?rest_route=%2Fwp%2Fv2%2Fmedia&parent=25469"}],"wp:term":[{"taxonomy":"category","embeddable":true,"href":"https:\/\/zonaroja.com.mx\/index.php?rest_route=%2Fwp%2Fv2%2Fcategories&post=25469"},{"taxonomy":"post_tag","embeddable":true,"href":"https:\/\/zonaroja.com.mx\/index.php?rest_route=%2Fwp%2Fv2%2Ftags&post=25469"}],"curies":[{"name":"wp","href":"https:\/\/api.w.org\/{rel}","templated":true}]}}