{"id":25473,"date":"2021-04-02T20:35:31","date_gmt":"2021-04-03T02:35:31","guid":{"rendered":"http:\/\/www.zonaroja.com.mx\/?p=25473"},"modified":"2021-04-02T22:20:06","modified_gmt":"2021-04-03T04:20:06","slug":"amlo-y-su-inexplicable-defensa-de-sanjuana","status":"publish","type":"post","link":"https:\/\/zonaroja.com.mx\/?p=25473","title":{"rendered":"Opini\u00f3n. AMLO y su inexplicable defensa de Sanjuana"},"content":{"rendered":"\n<p>Porfirio Flores*<\/p>\n\n\n\n<p>El paso de la reportera Sanjuana Mart\u00ednez Montemayor por la funci\u00f3n p\u00fablica ha resultado un lastre que afecta a la Presidencia de la Rep\u00fablica, en un hecho que no deja de sorprender porque la defensa a ultranza de Andr\u00e9s Manuel L\u00f3pez Obrador a la ex colaboradora de la revista \u201cProceso\u201d resulta inexplicable hasta para quienes apoyan al Presidente.<\/p>\n\n\n\n<p>La comunicadora que asumi\u00f3 como directora de la Agencia Mexicana de Noticias (Notimex) el 21 de marzo del 2019, se ha visto envuelta en pol\u00e9micas que incluso la han llevado a enfrentarse abiertamente con periodistas como Julio Hern\u00e1ndez, Carmen Aristegui, \u00c1lvaro Delgado y otros m\u00e1s.<\/p>\n\n\n\n<p>El origen de estos desencuentros emana del conflicto laboral que inici\u00f3 a su llegada a Notimex, porque desde su arribo emprendi\u00f3 un enfrentamiento seco y duro contra la dirigencia sindical de esa empresa del Estado mexicano. En febrero de 2020 y luego de varios despidos, los sindicalizados comenzaron una huelga que ya cumpli\u00f3 m\u00e1s de un a\u00f1o.<\/p>\n\n\n\n<p>La cobertura por diferentes medios y periodistas del conflicto laboral que se viv\u00eda en la Agencia Mexicana de Noticias provoc\u00f3 en las redes sociales, particularmente en Twitter, ataques a quienes dieron voz no s\u00f3lo a ella, sino tambi\u00e9n a los sindicalistas que ella acusaba de corrupci\u00f3n por plazas y viajes al extranjero.<\/p>\n\n\n\n<p>Dicho fen\u00f3meno hizo que organizaciones como Art\u00edculo 19, Quinto Elemento, Laboratorio de Investigaci\u00f3n y otros se dieran a la tarea de rastrear el origen de estos ataques cibern\u00e9ticos y concluyeran que salieron de cuentas de colaboradores de Sanjuana Mart\u00ednez en Notimex.<\/p>\n\n\n\n<p>La divulgaci\u00f3n de la investigaci\u00f3n en Aristegui Noticias provoc\u00f3 de nueva cuenta una andanada contra la propia Carmen Aristegui y otros periodistas como Julio Hern\u00e1ndez y \u00c1lvaro Delgado, que gozan de un prestigio y solvencia moral fuera de toda duda. El conflicto ces\u00f3 cuando el tema fue perdiendo relevancia entre los dem\u00e1s temas que ocuparon la agenda medi\u00e1tica en el pa\u00eds.<\/p>\n\n\n\n<p>Sin embargo, apenas el pasado 30 de marzo un informe de la Secretar\u00eda de Estado de los Estados Unidos acus\u00f3 a la periodista de emprender acciones contra comunicadores citando el reporte de Art\u00edculo 19, a lo que el presidente Andr\u00e9s Manuel L\u00f3pez Obrador hizo una defensa inusual de Mart\u00ednez Montemayor, que para muchos result\u00f3 excesiva.<\/p>\n\n\n\n<p>Defender a una persona que ha mostrado su talante beligerante contra quien la cuestione, parece una determinaci\u00f3n equivocada porque si bien el informe de Art\u00edculo 19 es el mismo de hace casi un a\u00f1o, ahora la presidencia parece empe\u00f1ada en dinamitar su relaci\u00f3n con todos los medios y periodistas de M\u00e9xico con tal de defender a Sanjuana.<\/p>\n\n\n\n<p>\u00bfPor qu\u00e9 asumir una defensa de este tama\u00f1o a una servidora p\u00fablica que ha dado muestras y las sigue dando de mucha soberbia y altivez? \u00bfLa idea es pelear con todos? \u00bfQu\u00e9 tanto representa Sanjuana que no solo no se le remueve, sino que se le cubre con todo el poder del manto protector presidencial?<\/p>\n\n\n\n<p>Nadie vot\u00f3 por Sanjuana Mart\u00ednez, pero el Presidente la defiende como si con ella se le fuere la fuerza que tiene el gobierno. El conflicto escala porque apenas hace unos a\u00f1os la propia Sanjuana Mart\u00ednez recibi\u00f3 todo el apoyo moral y legal de Art\u00edculo 19 para defenderse de la demanda por da\u00f1o moral que emprendi\u00f3 contra ella el perredista, Jes\u00fas Ortega.<\/p>\n\n\n\n<p>La causa de esta colaboradora no merece el excesivo desgaste de un gobierno que lleg\u00f3 al poder por la irritaci\u00f3n social causada entre otras cosas de la soberbia para tratar a quienes disent\u00edan.&nbsp; Con un organigrama tan amplio en el gobierno federal, \u00bfNo es posible ubicarla en otra \u00e1rea? \u00bfEs tan indispensable que desgaste la investidura presidencial?<\/p>\n\n\n\n<p>*Abogado y periodista.<\/p>\n","protected":false},"excerpt":{"rendered":"<p>Porfirio Flores* El paso de la reportera Sanjuana Mart\u00ednez Montemayor por la funci\u00f3n p\u00fablica ha&hellip;<\/p>\n","protected":false},"author":2,"featured_media":25176,"comment_status":"closed","ping_status":"open","sticky":false,"template":"","format":"standard","meta":{"_lmt_disableupdate":"","_lmt_disable":"","_jetpack_memberships_contains_paid_content":false,"footnotes":""},"categories":[456,109],"tags":[2515],"class_list":["post-25473","post","type-post","status-publish","format-standard","has-post-thumbnail","hentry","category-columna","category-minuto-a-minuto","tag-porfirio-flores-zuniga"],"jetpack_featured_media_url":"https:\/\/zonaroja.com.mx\/wp-content\/uploads\/2021\/03\/Porfirio-Flores-Zuniga.png","jetpack_sharing_enabled":true,"_links":{"self":[{"href":"https:\/\/zonaroja.com.mx\/index.php?rest_route=\/wp\/v2\/posts\/25473","targetHints":{"allow":["GET"]}}],"collection":[{"href":"https:\/\/zonaroja.com.mx\/index.php?rest_route=\/wp\/v2\/posts"}],"about":[{"href":"https:\/\/zonaroja.com.mx\/index.php?rest_route=\/wp\/v2\/types\/post"}],"author":[{"embeddable":true,"href":"https:\/\/zonaroja.com.mx\/index.php?rest_route=\/wp\/v2\/users\/2"}],"replies":[{"embeddable":true,"href":"https:\/\/zonaroja.com.mx\/index.php?rest_route=%2Fwp%2Fv2%2Fcomments&post=25473"}],"version-history":[{"count":2,"href":"https:\/\/zonaroja.com.mx\/index.php?rest_route=\/wp\/v2\/posts\/25473\/revisions"}],"predecessor-version":[{"id":25494,"href":"https:\/\/zonaroja.com.mx\/index.php?rest_route=\/wp\/v2\/posts\/25473\/revisions\/25494"}],"wp:featuredmedia":[{"embeddable":true,"href":"https:\/\/zonaroja.com.mx\/index.php?rest_route=\/wp\/v2\/media\/25176"}],"wp:attachment":[{"href":"https:\/\/zonaroja.com.mx\/index.php?rest_route=%2Fwp%2Fv2%2Fmedia&parent=25473"}],"wp:term":[{"taxonomy":"category","embeddable":true,"href":"https:\/\/zonaroja.com.mx\/index.php?rest_route=%2Fwp%2Fv2%2Fcategories&post=25473"},{"taxonomy":"post_tag","embeddable":true,"href":"https:\/\/zonaroja.com.mx\/index.php?rest_route=%2Fwp%2Fv2%2Ftags&post=25473"}],"curies":[{"name":"wp","href":"https:\/\/api.w.org\/{rel}","templated":true}]}}