{"id":25479,"date":"2021-04-02T20:58:38","date_gmt":"2021-04-03T02:58:38","guid":{"rendered":"http:\/\/www.zonaroja.com.mx\/?p=25479"},"modified":"2021-04-02T20:58:43","modified_gmt":"2021-04-03T02:58:43","slug":"aumentaron-incendios-en-mas-de-200-entre-febrero-y-marzo-van-98-en-2021","status":"publish","type":"post","link":"https:\/\/zonaroja.com.mx\/?p=25479","title":{"rendered":"Aumentaron incendios en m\u00e1s de 200% entre febrero y marzo; van 98 en 2021"},"content":{"rendered":"\n<p>Yuridiana Sosa\/Zona Roja.<\/p>\n\n\n\n<p>Oaxaca de Ju\u00e1rez, Oax., 2 de abril de 2021.- Los incendios forestales en Oaxaca registraron un incremento del 226.6 por ciento en el transcurso de la segunda mitad de febrero al 1 de abril, de acuerdo con el seguimiento de datos en la Comisi\u00f3n Estatal Forestal (Coesfo).<\/p>\n\n\n\n<p>Al corte del 1 de abril se hab\u00edan presentado 98 siniestros, de los cuales cuatro segu\u00edan activos. Mientras que al anterior corte del 17 de abril se hab\u00edan registrado 30 conflagraciones.<\/p>\n\n\n\n<p>Estas cifras tambi\u00e9n representan un alza de m\u00e1s de siete mil hect\u00e1reas siniestradas, al pasar de dos mil 107.45 hect\u00e1reas devastadas de bosques y pastizales, a nueve mil 207.20 hect\u00e1reas, de forma preliminar, al inicio de abril.<\/p>\n\n\n\n<p>En los incendios activos se registra el ubicado en la regi\u00f3n de la Sierra Sur, en el municipio de San Miguel del Puerto, el cual se prolong\u00f3 por m\u00e1s de tres d\u00edas y se increment\u00f3 con tres frentes de fuego, situados en los parajes de \u201cEl Aguacate\u201d, \u201cCerro de la Virgen\u201d y l\u00edmites con La Merced del Potrero, indic\u00f3 el director de la Coesfo, Aar\u00f3n Ju\u00e1rez.<\/p>\n\n\n\n<p>Otro incendio activo hasta el primer d\u00eda de abril fue en el San Juan Ozolotepec, en el punto conocido como San Andr\u00e9s Lovene.<\/p>\n\n\n\n<p>Uno m\u00e1s en San Pedro Tapanatepec, en la regi\u00f3n del Istmo y en la regi\u00f3n Mixteca en el municipio de San Juan Teita.<\/p>\n","protected":false},"excerpt":{"rendered":"<p>Yuridiana Sosa\/Zona Roja. Oaxaca de Ju\u00e1rez, Oax., 2 de abril de 2021.- Los incendios forestales&hellip;<\/p>\n","protected":false},"author":2,"featured_media":25480,"comment_status":"closed","ping_status":"open","sticky":false,"template":"","format":"standard","meta":{"_lmt_disableupdate":"","_lmt_disable":"","_jetpack_memberships_contains_paid_content":false,"footnotes":""},"categories":[109,47],"tags":[1256],"class_list":["post-25479","post","type-post","status-publish","format-standard","has-post-thumbnail","hentry","category-minuto-a-minuto","category-zona-gris","tag-incendios-forestales-oaxaca"],"jetpack_featured_media_url":"https:\/\/zonaroja.com.mx\/wp-content\/uploads\/2021\/04\/Incendio-forestal.jpg","jetpack_sharing_enabled":true,"_links":{"self":[{"href":"https:\/\/zonaroja.com.mx\/index.php?rest_route=\/wp\/v2\/posts\/25479","targetHints":{"allow":["GET"]}}],"collection":[{"href":"https:\/\/zonaroja.com.mx\/index.php?rest_route=\/wp\/v2\/posts"}],"about":[{"href":"https:\/\/zonaroja.com.mx\/index.php?rest_route=\/wp\/v2\/types\/post"}],"author":[{"embeddable":true,"href":"https:\/\/zonaroja.com.mx\/index.php?rest_route=\/wp\/v2\/users\/2"}],"replies":[{"embeddable":true,"href":"https:\/\/zonaroja.com.mx\/index.php?rest_route=%2Fwp%2Fv2%2Fcomments&post=25479"}],"version-history":[{"count":1,"href":"https:\/\/zonaroja.com.mx\/index.php?rest_route=\/wp\/v2\/posts\/25479\/revisions"}],"predecessor-version":[{"id":25481,"href":"https:\/\/zonaroja.com.mx\/index.php?rest_route=\/wp\/v2\/posts\/25479\/revisions\/25481"}],"wp:featuredmedia":[{"embeddable":true,"href":"https:\/\/zonaroja.com.mx\/index.php?rest_route=\/wp\/v2\/media\/25480"}],"wp:attachment":[{"href":"https:\/\/zonaroja.com.mx\/index.php?rest_route=%2Fwp%2Fv2%2Fmedia&parent=25479"}],"wp:term":[{"taxonomy":"category","embeddable":true,"href":"https:\/\/zonaroja.com.mx\/index.php?rest_route=%2Fwp%2Fv2%2Fcategories&post=25479"},{"taxonomy":"post_tag","embeddable":true,"href":"https:\/\/zonaroja.com.mx\/index.php?rest_route=%2Fwp%2Fv2%2Ftags&post=25479"}],"curies":[{"name":"wp","href":"https:\/\/api.w.org\/{rel}","templated":true}]}}