{"id":2548,"date":"2019-07-26T22:55:36","date_gmt":"2019-07-27T03:55:36","guid":{"rendered":"http:\/\/www.zonaroja.com.mx\/?p=2548"},"modified":"2019-07-26T22:55:39","modified_gmt":"2019-07-27T03:55:39","slug":"otra-pifia-de-la-fiscalia-general-liberan-a-acusado-de-homicidio-en-pochutla","status":"publish","type":"post","link":"https:\/\/zonaroja.com.mx\/?p=2548","title":{"rendered":"Otra pifia de la Fiscal\u00eda General: liberan a acusado de homicidio en Pochutla"},"content":{"rendered":"\n<p>Ismael\nGarc\u00eda M.<\/p>\n\n\n\n<p>Oaxaca de\nJu\u00e1rez, Oax., 26 de julio de 2019.- Por inconsistencias en la Carpeta de Investigaci\u00f3n\ny falta de pruebas contundentes por parte de la Fiscal\u00eda General del Estado, un\njuez orden\u00f3 hoy el auto de libertad de Isa\u00edas Rodr\u00edguez Bustamante, acusado de\nhomicidio e intento de homicidio en contra de Raymundo Carmona Laredo e\nintegrantes de su equipo de campa\u00f1a.<\/p>\n\n\n\n<p>Los hechos\nsucedieron el 26 de junio de 2018 cuando el hoy presidente estatal del Partido\nde la Revoluci\u00f3n Democr\u00e1tica realizaba actos de campa\u00f1a pol\u00edtica y fue\nemboscado en un camino de terracer\u00eda a la agencia de Arroyo Cruz, San Pedro\nPochutla.<\/p>\n\n\n\n<p>En el ataque\nresultaron heridos Carmona Laredo y cuatro personas m\u00e1s, identificados como\nHeber Rom\u00e1n Ju\u00e1rez, quien muri\u00f3 posteriormente en un hospital; &nbsp;Aurelio Santos Rodr\u00edguez, Ismael L\u00f3pez Cruz y\nJuana P\u00e9rez Hern\u00e1ndez.<\/p>\n\n\n\n<p>El 3 de\njulio del a\u00f1o pasado, la Fiscal\u00eda General aprehendi\u00f3 a Jos\u00e9 Domingo E. F. o\nJos\u00e9 F. E., dentro de la causa penal 215\/2018, acusado de homicidio; permanece\nen prisi\u00f3n aunque tambi\u00e9n podr\u00eda lograr la libertad en los pr\u00f3ximos d\u00edas.<\/p>\n\n\n\n<p>El 22 de julio de 2018, Isa\u00edas Rodr\u00edguez fue detenido en la\nciudad de Oaxaca tambi\u00e9n bajo la misma acusaci\u00f3n.<\/p>\n\n\n\n<p>El 28 de agosto, familiares de Isa\u00edas denunciaron que la Fiscal\u00eda General del Estado fabric\u00f3 una Carpeta de Investigaci\u00f3n para inculparlo injustamente de este delito. Este viernes, al cumplirse un a\u00f1o 19 d\u00ecas de la detenci\u00f3n, el Juez de Control determin\u00f3 que no eran suficientes las pruebas y decret\u00f3 la libertad de Isa\u00edas. \u00a0<\/p>\n\n\n\n<figure class=\"wp-block-embed-twitter wp-block-embed is-type-rich is-provider-twitter\"><div class=\"wp-block-embed__wrapper\">\n<div class=\"twitter-tweet\"><blockquote class=\"twitter-tweet\" data-lang=\"es\"><p lang=\"es\" dir=\"ltr\"><a href=\"https:\/\/twitter.com\/hashtag\/OaxacaRojo?src=hash&amp;ref_src=twsrc%5Etfw\">#OaxacaRojo<\/a><br>Pierde otro caso la <a href=\"https:\/\/twitter.com\/FISCALIA_GobOax?ref_src=twsrc%5Etfw\">@FISCALIA_GobOax<\/a>. Juez determin\u00f3 libertad de Isa\u00edas R. B., quien estuvo acusado de participar en la agresi\u00f3n armada en contra de Raymundo Carmona Laredo, donde adem\u00e1s hubo un homicidio. <a href=\"https:\/\/t.co\/IVFXOTXYB7\">pic.twitter.com\/IVFXOTXYB7<\/a><\/p>&mdash; Zona Roja Oaxaca (@MexRoja) <a href=\"https:\/\/twitter.com\/MexRoja\/status\/1154869671742627840?ref_src=twsrc%5Etfw\">26 de julio de 2019<\/a><\/blockquote><\/div>\n<\/div><\/figure>\n","protected":false},"excerpt":{"rendered":"<p>Ismael Garc\u00eda M. Oaxaca de Ju\u00e1rez, Oax., 26 de julio de 2019.- Por inconsistencias en&hellip;<\/p>\n","protected":false},"author":2,"featured_media":2549,"comment_status":"closed","ping_status":"open","sticky":false,"template":"","format":"standard","meta":{"_lmt_disableupdate":"","_lmt_disable":"","_jetpack_memberships_contains_paid_content":false,"footnotes":""},"categories":[109,51],"tags":[408],"class_list":["post-2548","post","type-post","status-publish","format-standard","has-post-thumbnail","hentry","category-minuto-a-minuto","category-zona-roja","tag-otra-pifia-de-la-fiscalia-general-liberan-a-acusado-de-homicidio-en-pochutla"],"jetpack_featured_media_url":"https:\/\/zonaroja.com.mx\/wp-content\/uploads\/2019\/07\/detenido.jpeg","jetpack_sharing_enabled":true,"_links":{"self":[{"href":"https:\/\/zonaroja.com.mx\/index.php?rest_route=\/wp\/v2\/posts\/2548","targetHints":{"allow":["GET"]}}],"collection":[{"href":"https:\/\/zonaroja.com.mx\/index.php?rest_route=\/wp\/v2\/posts"}],"about":[{"href":"https:\/\/zonaroja.com.mx\/index.php?rest_route=\/wp\/v2\/types\/post"}],"author":[{"embeddable":true,"href":"https:\/\/zonaroja.com.mx\/index.php?rest_route=\/wp\/v2\/users\/2"}],"replies":[{"embeddable":true,"href":"https:\/\/zonaroja.com.mx\/index.php?rest_route=%2Fwp%2Fv2%2Fcomments&post=2548"}],"version-history":[{"count":1,"href":"https:\/\/zonaroja.com.mx\/index.php?rest_route=\/wp\/v2\/posts\/2548\/revisions"}],"predecessor-version":[{"id":2550,"href":"https:\/\/zonaroja.com.mx\/index.php?rest_route=\/wp\/v2\/posts\/2548\/revisions\/2550"}],"wp:featuredmedia":[{"embeddable":true,"href":"https:\/\/zonaroja.com.mx\/index.php?rest_route=\/wp\/v2\/media\/2549"}],"wp:attachment":[{"href":"https:\/\/zonaroja.com.mx\/index.php?rest_route=%2Fwp%2Fv2%2Fmedia&parent=2548"}],"wp:term":[{"taxonomy":"category","embeddable":true,"href":"https:\/\/zonaroja.com.mx\/index.php?rest_route=%2Fwp%2Fv2%2Fcategories&post=2548"},{"taxonomy":"post_tag","embeddable":true,"href":"https:\/\/zonaroja.com.mx\/index.php?rest_route=%2Fwp%2Fv2%2Ftags&post=2548"}],"curies":[{"name":"wp","href":"https:\/\/api.w.org\/{rel}","templated":true}]}}