{"id":25482,"date":"2021-04-03T08:01:09","date_gmt":"2021-04-03T14:01:09","guid":{"rendered":"http:\/\/www.zonaroja.com.mx\/?p=25482"},"modified":"2021-04-02T21:13:22","modified_gmt":"2021-04-03T03:13:22","slug":"acceso-a-la-justicia-para-las-mujeres-requiere-trabajo-coordinado-poder-judicial","status":"publish","type":"post","link":"https:\/\/zonaroja.com.mx\/?p=25482","title":{"rendered":"Acceso a la justicia para las mujeres requiere trabajo coordinado: Poder Judicial"},"content":{"rendered":"\n<p>Redacci\u00f3n\/Zona Roja.<\/p>\n\n\n\n<p>Oaxaca de Ju\u00e1rez, Oax., 3 de abril de 2021.- Garantizar a las mujeres el pleno acceso a la justicia es una obligaci\u00f3n de los \u00f3rganos jurisdiccionales, por ello, los juzgadores no pueden sustentar sus criterios desde un contexto personal, ni con base en apreciaciones y consideraciones discriminatorias, estereotipos o ideas preconcebidas.<\/p>\n\n\n\n<p>Por el contrario, su deber es resolver de manera diligente y oportuna los casos que involucran a este sector de la poblaci\u00f3n y emitir sentencias con perspectiva de g\u00e9nero.<\/p>\n\n\n\n<p>Al respecto, bajo la premisa fortalecer el trabajo jurisdiccional con pol\u00edticas p\u00fablicas y acciones afirmativas encaminadas a la igualdad sustantiva y la prevenci\u00f3n de la violencia de g\u00e9nero, el presidente del Tribunal Superior de Justicia, magistrado Eduardo Pinacho S\u00e1nchez, respald\u00f3 el programa \u201cPor ellas, acciones para familias v\u00edctimas de feminicidio\u201d, dado a conocer por el gobernador Alejandro Murat Hinojosa y que desde el \u00e1mbito de sus atribuciones apoyar\u00e1 el Poder Judicial.<\/p>\n\n\n\n<p>En entrevista, se\u00f1al\u00f3 que la instituci\u00f3n a su cargo ha establecido mecanismos de prevenci\u00f3n, atenci\u00f3n, sanci\u00f3n, reparaci\u00f3n y erradicaci\u00f3n de la violencia en contra de las mujeres dirigidos a diversas instancias y ha sensibilizado en este tema a servidoras y servidores p\u00fablicos en materia civil, familiar y penal tanto del sistema mixto o tradicional como del sistema acusatorio y oral.<\/p>\n\n\n\n<p>Resalt\u00f3 que no basta con implementar programas y estrategias, sino que son necesarias acciones integrales que requieren del trabajo coordinado entre los tres Poderes del Estado y la sociedad civil organizada.<\/p>\n\n\n\n<p>El titular del Poder Judicial se\u00f1al\u00f3 que desde el primer momento de la emergencia sanitaria se tomaron las medidas necesarias para dar seguimiento y atenci\u00f3n a los asuntos urgentes, como los juicios de alimentos, el pago o el cumplimiento de pensiones alimenticias y la entrega o transferencia de este derecho por ley.<\/p>\n\n\n\n<p>Se implement\u00f3 tambi\u00e9n la Gu\u00eda de acciones del Poder Judicial del Estado de Oaxaca para la prevenci\u00f3n y atenci\u00f3n en materia de violencia de g\u00e9nero ante la contingencia del Covid-19, cuya finalidad es adoptar medidas de cuidado para enfrentar el aumento de la violencia de g\u00e9nero durante el periodo de confinamiento y dar a conocer los medios judiciales con los que se cuentan para poner fin a estas situaciones.<\/p>\n\n\n\n<p>Otro de los avances significativos en el Poder Judicial, indic\u00f3, ha sido la creaci\u00f3n de la Unidad de Igualdad de G\u00e9nero, para implementar mecanismos y acciones legales tendientes a promover y a eliminar todas aquellas barreras que enfrentan las mujeres y ni\u00f1as, principalmente quienes se encuentran en situaci\u00f3n de violencia, as\u00ed como colaborar en la creaci\u00f3n de instrumentos o programas institucionales en el tema.<\/p>\n\n\n\n<p>De acuerdo con estad\u00edsticas de la Secretar\u00eda Ejecutiva del Consejo de la Judicatura, del 5 de enero al 19 de marzo, se han recibido 18 mil 044 asuntos urgentes en materia familiar, relacionados con pago de pensiones alimenticias, certificados de dep\u00f3sito de pensiones alimenticias, \u00f3rdenes de restricci\u00f3n, separaci\u00f3n de c\u00f3nyuges, solicitudes de convivencia, de guarda y custodia.<\/p>\n\n\n\n<p>Los seis componentes que integran el programa \u201cPor ellas, acciones para familias v\u00edctimas de feminicidio\u201d, bajo la coordinaci\u00f3n de la Secretar\u00eda de las Mujeres de Oaxaca (SMO), son: Salud y nutrici\u00f3n, Salud emocional, Apoyo para el acceso a la justicia, Fortalecimiento econ\u00f3mico, Fortalecimiento educativo, y Reformas al Sistema de Justicia.<\/p>\n","protected":false},"excerpt":{"rendered":"<p>Redacci\u00f3n\/Zona Roja. Oaxaca de Ju\u00e1rez, Oax., 3 de abril de 2021.- Garantizar a las mujeres&hellip;<\/p>\n","protected":false},"author":2,"featured_media":25483,"comment_status":"closed","ping_status":"open","sticky":false,"template":"","format":"standard","meta":{"_lmt_disableupdate":"","_lmt_disable":"","_jetpack_memberships_contains_paid_content":false,"footnotes":""},"categories":[109,46],"tags":[223],"class_list":["post-25482","post","type-post","status-publish","format-standard","has-post-thumbnail","hentry","category-minuto-a-minuto","category-zona-blanca","tag-poder-judicial-de-oaxaca"],"jetpack_featured_media_url":"https:\/\/zonaroja.com.mx\/wp-content\/uploads\/2021\/04\/1-El-titular-del-Poder-Judicial-asistio-a-la-presentacion-del-programa-Acciones-para-familias-victimas-de-feminicidio.jpg","jetpack_sharing_enabled":true,"_links":{"self":[{"href":"https:\/\/zonaroja.com.mx\/index.php?rest_route=\/wp\/v2\/posts\/25482","targetHints":{"allow":["GET"]}}],"collection":[{"href":"https:\/\/zonaroja.com.mx\/index.php?rest_route=\/wp\/v2\/posts"}],"about":[{"href":"https:\/\/zonaroja.com.mx\/index.php?rest_route=\/wp\/v2\/types\/post"}],"author":[{"embeddable":true,"href":"https:\/\/zonaroja.com.mx\/index.php?rest_route=\/wp\/v2\/users\/2"}],"replies":[{"embeddable":true,"href":"https:\/\/zonaroja.com.mx\/index.php?rest_route=%2Fwp%2Fv2%2Fcomments&post=25482"}],"version-history":[{"count":1,"href":"https:\/\/zonaroja.com.mx\/index.php?rest_route=\/wp\/v2\/posts\/25482\/revisions"}],"predecessor-version":[{"id":25484,"href":"https:\/\/zonaroja.com.mx\/index.php?rest_route=\/wp\/v2\/posts\/25482\/revisions\/25484"}],"wp:featuredmedia":[{"embeddable":true,"href":"https:\/\/zonaroja.com.mx\/index.php?rest_route=\/wp\/v2\/media\/25483"}],"wp:attachment":[{"href":"https:\/\/zonaroja.com.mx\/index.php?rest_route=%2Fwp%2Fv2%2Fmedia&parent=25482"}],"wp:term":[{"taxonomy":"category","embeddable":true,"href":"https:\/\/zonaroja.com.mx\/index.php?rest_route=%2Fwp%2Fv2%2Fcategories&post=25482"},{"taxonomy":"post_tag","embeddable":true,"href":"https:\/\/zonaroja.com.mx\/index.php?rest_route=%2Fwp%2Fv2%2Ftags&post=25482"}],"curies":[{"name":"wp","href":"https:\/\/api.w.org\/{rel}","templated":true}]}}