{"id":25501,"date":"2021-04-03T07:37:37","date_gmt":"2021-04-03T13:37:37","guid":{"rendered":"http:\/\/www.zonaroja.com.mx\/?p=25501"},"modified":"2021-04-03T07:37:41","modified_gmt":"2021-04-03T13:37:41","slug":"dos-militares-muertos-y-25-lesionados-saldo-de-accidente-en-puebla","status":"publish","type":"post","link":"https:\/\/zonaroja.com.mx\/?p=25501","title":{"rendered":"Dos militares muertos y 25 lesionados, saldo de accidente en Puebla"},"content":{"rendered":"\n<p>Redacci\u00f3n\/Zona Roja Cdmx.<\/p>\n\n\n\n<p>Ciudad de M\u00e9xico, 3 de abril de 2021.- Dos militares muertos y 25 m\u00e1s lesionados es el saldo que arroj\u00f3 el accidente de una unidad de la Secretar\u00eda de la Defensa Nacional (Sedena), ayer en la carretera Puebla-Orizaba, Veracruz.<\/p>\n\n\n\n<p>A trav\u00e9s de las redes sociales, el titular de la Sedena, Luis Cresencio Sandoval Gonz\u00e1lez, lament\u00f3 el percance y expres\u00f3 las condolencias a los familiares de los soldados.<\/p>\n\n\n\n<p>Inform\u00f3 que los militares regresaban de realizar actividades derivadas de la aplicaci\u00f3n del plan DNIII-E en el estado de Tabasco. \u00abMis m\u00e1s sinceras condolencias, pronta recuperaci\u00f3n y paz a sus familias\u00bb, dijo.<\/p>\n\n\n\n<p>Los elementos fallecidos eran un sargento oficinista y un cabo de artiller\u00eda, que pertenecieron a la Jefatura de Intendencia de la IX Regi\u00f3n Militar y al 4\/o Regimiento de Artiller\u00eda.<\/p>\n\n\n\n<p>El percance ocurri\u00f3 la tarde de ayer Viernes Santo en el kil\u00f3metro 209 de la autopista Puebla-Orizaba, cuando el operador del autob\u00fas con n\u00famero de identificaci\u00f3n 1004275 presuntamente perdi\u00f3 el control del mismo y lo volc\u00f3. La unidad qued\u00f3 varada en una zona rocosa.<\/p>\n","protected":false},"excerpt":{"rendered":"<p>Redacci\u00f3n\/Zona Roja Cdmx. Ciudad de M\u00e9xico, 3 de abril de 2021.- Dos militares muertos y&hellip;<\/p>\n","protected":false},"author":2,"featured_media":25502,"comment_status":"closed","ping_status":"open","sticky":false,"template":"","format":"standard","meta":{"_lmt_disableupdate":"","_lmt_disable":"","_jetpack_memberships_contains_paid_content":false,"footnotes":""},"categories":[109,51],"tags":[2574],"class_list":["post-25501","post","type-post","status-publish","format-standard","has-post-thumbnail","hentry","category-minuto-a-minuto","category-zona-roja","tag-accidente-militares-puebla"],"jetpack_featured_media_url":"https:\/\/zonaroja.com.mx\/wp-content\/uploads\/2021\/04\/Accidente-militares-Puebla.jpg","jetpack_sharing_enabled":true,"_links":{"self":[{"href":"https:\/\/zonaroja.com.mx\/index.php?rest_route=\/wp\/v2\/posts\/25501","targetHints":{"allow":["GET"]}}],"collection":[{"href":"https:\/\/zonaroja.com.mx\/index.php?rest_route=\/wp\/v2\/posts"}],"about":[{"href":"https:\/\/zonaroja.com.mx\/index.php?rest_route=\/wp\/v2\/types\/post"}],"author":[{"embeddable":true,"href":"https:\/\/zonaroja.com.mx\/index.php?rest_route=\/wp\/v2\/users\/2"}],"replies":[{"embeddable":true,"href":"https:\/\/zonaroja.com.mx\/index.php?rest_route=%2Fwp%2Fv2%2Fcomments&post=25501"}],"version-history":[{"count":1,"href":"https:\/\/zonaroja.com.mx\/index.php?rest_route=\/wp\/v2\/posts\/25501\/revisions"}],"predecessor-version":[{"id":25503,"href":"https:\/\/zonaroja.com.mx\/index.php?rest_route=\/wp\/v2\/posts\/25501\/revisions\/25503"}],"wp:featuredmedia":[{"embeddable":true,"href":"https:\/\/zonaroja.com.mx\/index.php?rest_route=\/wp\/v2\/media\/25502"}],"wp:attachment":[{"href":"https:\/\/zonaroja.com.mx\/index.php?rest_route=%2Fwp%2Fv2%2Fmedia&parent=25501"}],"wp:term":[{"taxonomy":"category","embeddable":true,"href":"https:\/\/zonaroja.com.mx\/index.php?rest_route=%2Fwp%2Fv2%2Fcategories&post=25501"},{"taxonomy":"post_tag","embeddable":true,"href":"https:\/\/zonaroja.com.mx\/index.php?rest_route=%2Fwp%2Fv2%2Ftags&post=25501"}],"curies":[{"name":"wp","href":"https:\/\/api.w.org\/{rel}","templated":true}]}}