{"id":25504,"date":"2021-04-03T08:00:50","date_gmt":"2021-04-03T14:00:50","guid":{"rendered":"http:\/\/www.zonaroja.com.mx\/?p=25504"},"modified":"2021-04-03T08:00:54","modified_gmt":"2021-04-03T14:00:54","slug":"van-4779-trabajadores-del-sector-salud-contagiados-por-covid-en-oaxaca","status":"publish","type":"post","link":"https:\/\/zonaroja.com.mx\/?p=25504","title":{"rendered":"Van 4,779 trabajadores del sector salud contagiados por Covid en Oaxaca"},"content":{"rendered":"\n<p>Redacci\u00f3n\/Zona Roja.<\/p>\n\n\n\n<p>Oaxaca de Ju\u00e1rez, Oax., 3 de abril de 2021.- En el transcurso de la pandemia por Covid, que en Oaxaca inici\u00f3 el 14 de marzo del 2019, han sido contagiados cuatro mil 779 trabajadores del sector salud.<\/p>\n\n\n\n<p>Se trata de mil 406 m\u00e9dicos, mil 797 de enfermer\u00eda y mil 576 de otras \u00e1reas, como limpieza, camilleros, vigilancia en hospitales y cl\u00ednicas, entre otros.<\/p>\n\n\n\n<p>Al corte de este viernes, la entidad registr\u00f3 64 casos positivos y dos fallecimientos, con los que acumul\u00f3 43 mil 722 casos de Covid; de esta cifra, tres mil 246 personas han perdido la vida a causa de la enfermedad, seg\u00fan cifras de los Servicios de Salud de Oaxaca (SSO).<\/p>\n\n\n\n<p>En un comunicado, la dependencia se\u00f1al\u00f3 que actualmente el n\u00famero de pacientes que cursan la infecci\u00f3n respiratoria en etapa activa son 292, en tanto el registro de personas recuperadas se elev\u00f3 a 40 mil 184; hay cuatro mil 619 pacientes sospechosos y 21 mil 089 personas han dado negativo al padecimiento.<\/p>\n\n\n\n<p>Del total de confirmados, 64 son casos nuevos ubicados en 16 municipios, siendo las localidades m\u00e1s afectadas: Oaxaca de Ju\u00e1rez con 28, San Juan Bautista Tuxtepec con 18, San Andr\u00e9s Zautla con tres; as\u00ed como San Jacinto Amilpas, Santa Luc\u00eda del Camino y Teotitl\u00e1n de Flores Mag\u00f3n con dos casos, respectivamente, el resto un paciente.<\/p>\n\n\n\n<figure class=\"wp-block-embed-twitter wp-block-embed is-type-rich is-provider-twitter\"><div class=\"wp-block-embed__wrapper\">\n<div class=\"twitter-tweet\"><blockquote class=\"twitter-tweet\" data-lang=\"es\"><p lang=\"es\" dir=\"ltr\"><a href=\"https:\/\/twitter.com\/hashtag\/%C3%9AltimoMinuto?src=hash&amp;ref_src=twsrc%5Etfw\">#\u00daltimoMinuto<\/a><br>Este Viernes Santo, los Servicios de Salud report\u00f3 64 casos positivos a Covid en Oaxaca, con lo que suman 43 mil 722 caso confirmados; adem\u00e1s, dos decesos, para un total de tres mil 246 fallecimientos. Hay cuatro hospitales saturados de pacientes.<a href=\"https:\/\/twitter.com\/hashtag\/Qu%C3%A9dateEnCasa?src=hash&amp;ref_src=twsrc%5Etfw\">#Qu\u00e9dateEnCasa<\/a> <a href=\"https:\/\/t.co\/pRvJ6tZbPN\">pic.twitter.com\/pRvJ6tZbPN<\/a><\/p>&mdash; Zona Roja Oaxaca (@Zona_Roja_Oax) <a href=\"https:\/\/twitter.com\/Zona_Roja_Oax\/status\/1378172304203644930?ref_src=twsrc%5Etfw\">3 de abril de 2021<\/a><\/blockquote><\/div>\n<\/div><\/figure>\n\n\n\n<p>Para este viernes, la Jurisdicci\u00f3n Sanitaria de Valles Centrales report\u00f3 un acumulado de 29 mil 902 positivos y mil 717 defunciones; Istmo tres mil 605 y 523 muertes; Tuxtepec dos mil 816 y 334 decesos; Costa dos mil 165 y 224 p\u00e9rdidas fatales; Mixteca tres mil 713 y 309 fallecimientos; Sierra mil 521 y 139 muertes.<\/p>\n\n\n\n<p>Seg\u00fan las estad\u00edsticas, 36 mil 452 pacientes han cursado la infecci\u00f3n respiratoria en aislamiento domiciliario, y siete mil 270 requirieron atenci\u00f3n hospitalaria. El grupo de edad con m\u00e1s contagios es el de 25 a 44 a\u00f1os con 19 mil 554 casos. Por defunciones, los mayores de 65 a\u00f1os ocupan el primer lugar con mil 531 fallecimientos.<\/p>\n\n\n\n<p>En las \u00faltimas 24 horas se ingresaron 10 nuevos pacientes a la red de hospitales Covid-19, hay 139 camas ocupadas, 457 est\u00e1n disponibles de un total de 596, lo que representa un 23.3% global, y cuatro se encuentran al 100% de su capacidad.<\/p>\n\n\n\n<p>Finalmente, la instituci\u00f3n estatal recomend\u00f3 a las familias oaxaque\u00f1as no bajar la guardia en la actual temporada vacacional, en la medida de lo posible quedarse en casa, si es necesario salir respetando la sana distancia, usando cubrebocas adecuadamente, as\u00ed como evitar realizar reuniones o eventos que impliquen aglomeraci\u00f3n de personas, a fin de coadyuvar a la reducci\u00f3n de casos, hospitalizaciones y defunciones, y ante cualquier emergencia llamar al 911.<\/p>\n","protected":false},"excerpt":{"rendered":"<p>Redacci\u00f3n\/Zona Roja. Oaxaca de Ju\u00e1rez, Oax., 3 de abril de 2021.- En el transcurso de&hellip;<\/p>\n","protected":false},"author":2,"featured_media":13789,"comment_status":"closed","ping_status":"open","sticky":false,"template":"","format":"standard","meta":{"_lmt_disableupdate":"","_lmt_disable":"","_jetpack_memberships_contains_paid_content":false,"footnotes":""},"categories":[109,47],"tags":[1512],"class_list":["post-25504","post","type-post","status-publish","format-standard","has-post-thumbnail","hentry","category-minuto-a-minuto","category-zona-gris","tag-coronavirus-oaxaca"],"jetpack_featured_media_url":"https:\/\/zonaroja.com.mx\/wp-content\/uploads\/2020\/06\/Covid.jpg","jetpack_sharing_enabled":true,"_links":{"self":[{"href":"https:\/\/zonaroja.com.mx\/index.php?rest_route=\/wp\/v2\/posts\/25504","targetHints":{"allow":["GET"]}}],"collection":[{"href":"https:\/\/zonaroja.com.mx\/index.php?rest_route=\/wp\/v2\/posts"}],"about":[{"href":"https:\/\/zonaroja.com.mx\/index.php?rest_route=\/wp\/v2\/types\/post"}],"author":[{"embeddable":true,"href":"https:\/\/zonaroja.com.mx\/index.php?rest_route=\/wp\/v2\/users\/2"}],"replies":[{"embeddable":true,"href":"https:\/\/zonaroja.com.mx\/index.php?rest_route=%2Fwp%2Fv2%2Fcomments&post=25504"}],"version-history":[{"count":1,"href":"https:\/\/zonaroja.com.mx\/index.php?rest_route=\/wp\/v2\/posts\/25504\/revisions"}],"predecessor-version":[{"id":25505,"href":"https:\/\/zonaroja.com.mx\/index.php?rest_route=\/wp\/v2\/posts\/25504\/revisions\/25505"}],"wp:featuredmedia":[{"embeddable":true,"href":"https:\/\/zonaroja.com.mx\/index.php?rest_route=\/wp\/v2\/media\/13789"}],"wp:attachment":[{"href":"https:\/\/zonaroja.com.mx\/index.php?rest_route=%2Fwp%2Fv2%2Fmedia&parent=25504"}],"wp:term":[{"taxonomy":"category","embeddable":true,"href":"https:\/\/zonaroja.com.mx\/index.php?rest_route=%2Fwp%2Fv2%2Fcategories&post=25504"},{"taxonomy":"post_tag","embeddable":true,"href":"https:\/\/zonaroja.com.mx\/index.php?rest_route=%2Fwp%2Fv2%2Ftags&post=25504"}],"curies":[{"name":"wp","href":"https:\/\/api.w.org\/{rel}","templated":true}]}}