{"id":25508,"date":"2021-04-03T08:15:43","date_gmt":"2021-04-03T14:15:43","guid":{"rendered":"http:\/\/www.zonaroja.com.mx\/?p=25508"},"modified":"2021-04-03T08:15:46","modified_gmt":"2021-04-03T14:15:46","slug":"tepjf-ratifica-sentencias-del-teeo-en-diversos-actos-impugnados","status":"publish","type":"post","link":"https:\/\/zonaroja.com.mx\/?p=25508","title":{"rendered":"TEPJF ratifica sentencias del TEEO en diversos actos impugnados"},"content":{"rendered":"\n<p>Yuridiana Sosa\/Zona Roja.<\/p>\n\n\n\n<p>Oaxaca de Ju\u00e1rez, Oax., 3 de abril de 2021.- El Tribunal Electoral del Poder Judicial de la Federaci\u00f3n resolvi\u00f3 diversos actos impugnados por autoridades municipales de Tlaxiaco, Salina Cruz y Santo Domingo Ixcatl\u00e1n en los que respalda las sentencias del Tribunal Estatal Electoral de Oaxaca.<\/p>\n\n\n\n<p>Para el caso del edil de la Heroica Ciudad de Tlaxiaco, Gaudencio Ortiz Cruz, de la regi\u00f3n Mixteca, la Sala Regional Xalapa determin\u00f3 que el TEEO fundament\u00f3 y motiv\u00f3 correctamente la multa impuesta por incumplimiento al pago de dietas a ex trabajadores del ayuntamiento.&nbsp;<\/p>\n\n\n\n<p>La resoluci\u00f3n con el registro SX-JE-76\/2021 tambi\u00e9n apunt\u00f3 que la sanci\u00f3n no es desproporcionada ya que se trata de una consecuencia al incumplimiento de lo ordenado.<\/p>\n\n\n\n<p>En diciembre de 2020 el edil fue detenido por desacato a la sentencia del TEEO de pagar dietas ca\u00eddas, asunto por el que los ex trabajadores denunciaron a las instancias correspondientes a la autoridad municipal, ahora al frente de Ortiz Cruz.<\/p>\n\n\n\n<p>PARA SALINA CRUZ<\/p>\n\n\n\n<p>Por medio de la resoluci\u00f3n SX-JDC-469\/2021 la Sala Xalapa declar\u00f3 parcialmente fundadas las alegaciones y sentencias del Tribunal Estatal del Estado de Oaxaca relativas a la omisi\u00f3n del presidente municipal de Salina Cruz de no convocar a las reuniones de cabildo a Regidora y regidores del Ayuntamiento, al frente de Juan Carlos Atecas.<\/p>\n\n\n\n<p>El Tribunal Superior destac\u00f3 que si bien el Tribunal local en Oaxaca ha llevado a cabo una serie de actos tendientes al cumplimiento de sus sentencias, no ha sido suficiente para alcanzar su fin.<\/p>\n\n\n\n<p>En 2019 se dio a conocer una denuncia de una regidora por esta situaci\u00f3n. La regidora de Equidad y G\u00e9nero interpuso una queja ante el Tribunal Electoral del Estado de Oaxaca (TEEO) para la protecci\u00f3n de los derechos pol\u00edtico-electorales asentado en el expediente JDC\/74\/2019.<\/p>\n\n\n\n<p>La afectada indic\u00f3 que no era convocada a las sesiones de Cabildo en tiempo y forma, as\u00ed como desalojada de su espacio de trabajo, retirado el personal administrativo de apoyo. Y aunque despu\u00e9s fue incorporada, se le ofreci\u00f3 un espacio indigno y retirado del resto de las \u00e1reas de concejal\u00edas.<\/p>\n\n\n\n<p>SIN VIOLENCIA POR RAZ\u00d3N DE G\u00c9NERO<\/p>\n\n\n\n<p>El TEPJF determin\u00f3 la existencia de la obstrucci\u00f3n del cargo a la regidora de salud por parte de la S\u00edndico municipal de Santo Domingo Ixcatl\u00e1n, de la regi\u00f3n Mixteca, pero la cual dijo, no se acredita la existencia de violencia pol\u00edtica por raz\u00f3n de g\u00e9nero.<\/p>\n\n\n\n<p>Por ese motivo la sala regional modific\u00f3 la resoluci\u00f3n del TEEO que declar\u00f3 inexistente la violencia pol\u00edtica en raz\u00f3n de g\u00e9nero al s\u00edndico municipal de Santo Domingo Ixcatl\u00e1n en contra de la regidora de salud del Ayuntamiento y declar\u00f3 que modific\u00f3 la sentencia al acreditar la obstrucci\u00f3n del cargo sin que ello acredite la existencia de la mencionada violencia, pues dicha conducta no se dirigi\u00f3 en su contra por el hecho de ser mujer.<\/p>\n\n\n\n<p>En ese sentido orden\u00f3 a la Sindica abstenerse de impedir el ejercicio del cargo de la funcionaria en comento.<\/p>\n\n\n\n<p>La regidora, Luz Er\u00e9ndira&nbsp; impugn\u00f3 la sentencia del TEEO del expediente PES\/02\/2021 emitida el 26 de febrero de 2021 al resolver la inexistencia de violencia pol\u00edtica por raz\u00f3n de g\u00e9nero.<\/p>\n","protected":false},"excerpt":{"rendered":"<p>Yuridiana Sosa\/Zona Roja. Oaxaca de Ju\u00e1rez, Oax., 3 de abril de 2021.- El Tribunal Electoral&hellip;<\/p>\n","protected":false},"author":2,"featured_media":15076,"comment_status":"closed","ping_status":"open","sticky":false,"template":"","format":"standard","meta":{"_lmt_disableupdate":"","_lmt_disable":"","_jetpack_memberships_contains_paid_content":false,"footnotes":""},"categories":[109,46],"tags":[1836],"class_list":["post-25508","post","type-post","status-publish","format-standard","has-post-thumbnail","hentry","category-minuto-a-minuto","category-zona-blanca","tag-sala-xalapa-del-tribunal-electoral-del-poder-judicial-de-la-federacion"],"jetpack_featured_media_url":"https:\/\/zonaroja.com.mx\/wp-content\/uploads\/2020\/07\/Sala-Xalapa-TEPJF.jpg","jetpack_sharing_enabled":true,"_links":{"self":[{"href":"https:\/\/zonaroja.com.mx\/index.php?rest_route=\/wp\/v2\/posts\/25508","targetHints":{"allow":["GET"]}}],"collection":[{"href":"https:\/\/zonaroja.com.mx\/index.php?rest_route=\/wp\/v2\/posts"}],"about":[{"href":"https:\/\/zonaroja.com.mx\/index.php?rest_route=\/wp\/v2\/types\/post"}],"author":[{"embeddable":true,"href":"https:\/\/zonaroja.com.mx\/index.php?rest_route=\/wp\/v2\/users\/2"}],"replies":[{"embeddable":true,"href":"https:\/\/zonaroja.com.mx\/index.php?rest_route=%2Fwp%2Fv2%2Fcomments&post=25508"}],"version-history":[{"count":1,"href":"https:\/\/zonaroja.com.mx\/index.php?rest_route=\/wp\/v2\/posts\/25508\/revisions"}],"predecessor-version":[{"id":25509,"href":"https:\/\/zonaroja.com.mx\/index.php?rest_route=\/wp\/v2\/posts\/25508\/revisions\/25509"}],"wp:featuredmedia":[{"embeddable":true,"href":"https:\/\/zonaroja.com.mx\/index.php?rest_route=\/wp\/v2\/media\/15076"}],"wp:attachment":[{"href":"https:\/\/zonaroja.com.mx\/index.php?rest_route=%2Fwp%2Fv2%2Fmedia&parent=25508"}],"wp:term":[{"taxonomy":"category","embeddable":true,"href":"https:\/\/zonaroja.com.mx\/index.php?rest_route=%2Fwp%2Fv2%2Fcategories&post=25508"},{"taxonomy":"post_tag","embeddable":true,"href":"https:\/\/zonaroja.com.mx\/index.php?rest_route=%2Fwp%2Fv2%2Ftags&post=25508"}],"curies":[{"name":"wp","href":"https:\/\/api.w.org\/{rel}","templated":true}]}}