{"id":25510,"date":"2021-04-03T13:05:23","date_gmt":"2021-04-03T19:05:23","guid":{"rendered":"http:\/\/www.zonaroja.com.mx\/?p=25510"},"modified":"2021-04-03T13:05:27","modified_gmt":"2021-04-03T19:05:27","slug":"tras-muerte-de-uno-de-sus-agresores-maria-elena-exige-detencion-del-quinto-implicado","status":"publish","type":"post","link":"https:\/\/zonaroja.com.mx\/?p=25510","title":{"rendered":"Tras muerte de uno de sus agresores, Mar\u00eda Elena exige detenci\u00f3n del quinto implicado"},"content":{"rendered":"\n<p>Evlin Arag\u00f3n\/Zona Roja.<\/p>\n\n\n\n<p>Oaxaca de Ju\u00e1rez, Oax., 3 de abril de 2021.- Pese a las secuelas que el ataque con \u00e1cido dej\u00f3 en su cuerpo, la saxofonista Mar\u00eda Elena R\u00edos Ortiz, sigue mostrando su enorme fortaleza al mundo al asegurar que desde hace mucho tiempo perdon\u00f3 a sus agresores.<\/p>\n\n\n\n<p>Lo hizo a trav\u00e9s de sus redes sociales, tras darse a conocer la muerte de Ponciano H. se\u00f1alado como autor material del ataque, calificado como tentativa de feminicidio, quien falleci\u00f3 ayer al interior del penal de Tanivet, Tlacolula, v\u00edctima de un paro cardiaco.\u00a0<\/p>\n\n\n\n<p>\u201cLamento que las cosas hayan sucedido as\u00ed. Que Dios lo perdone, porque yo lo hice desde el d\u00eda en que me agredieron. Descansa en Paz P. H. Y.\u201d, refiri\u00f3 en su cuenta de Twitter.<\/p>\n\n\n\n<p>Fue el 9 de septiembre del 2019 que la vida de Mar\u00eda Elena cambi\u00f3 por completo al ser rociada con \u00e1cido sulf\u00farico en la mayor parte de cuerpo.&nbsp;<\/p>\n\n\n\n<p>De acuerdo con la informaci\u00f3n proporcionada por las autoridades, fue Ponciano el que acompa\u00f1\u00f3 a su hijo Rubicel H. R. al momento del ataque con \u00e1cido a la joven, incluso fue \u00e9ste quien se qued\u00f3 en la parte de afuera cuidando que no fueran visto y pudieran escapar.\u00a0<\/p>\n\n\n\n<p>Sin embargo, el perd\u00f3n no implica que haya olvidado su exigencia de justicia, por el contrario, record\u00f3 que a\u00fan est\u00e1 pendiente por ejecutarse una quinta y \u00faltima orden de aprehensi\u00f3n, la cual no pudo o no quiso hacer efectiva Rub\u00e9n Vasconcelos M\u00e9ndez, que \u00fanicamente respondi\u00f3 al caso tras la presi\u00f3n medi\u00e1tica.&nbsp;<\/p>\n\n\n\n<p>De ah\u00ed que solicit\u00f3 al fiscal Arturo Peimbert Calvo hacer cumplir la ley, detener al \u00faltimo implicado y terminar con la protecci\u00f3n de los delincuentes que cuentan con v\u00ednculos de partidos pol\u00edticos, como su antecesor.&nbsp;<\/p>\n\n\n\n<p>\u201cMientras, aqu\u00ed en la tierra, las leyes del hombre se tienen que cumplir. El quinto implicado sigue libre. Pido a el fiscal @PeimbertArturo ejecute la \u00faltima orden de aprehensi\u00f3n ya que @RVasconcelosM no quiso hacerlo. Mi vida y de mi familia est\u00e1n doblemente expuestas\u201d, manifest\u00f3 la joven.<\/p>\n\n\n\n<p>Se trata de Juan V. H. hijo del empresario oaxaque\u00f1o y ex diputado local Juan Antonio V. C., se\u00f1alado tambi\u00e9n como autor intelectual de los hechos.<\/p>\n\n\n\n<p>La tardanza en el actuar de la Fiscal\u00eda ha sido una constante en el caso, fue debido a la presi\u00f3n medi\u00e1tica ejercida que, en diciembre del 2019, fueron detenidos Ponciano H. y Rubicel H. R., padre e hijo quienes presuntamente fueron contratados por Juan Vera, ex pareja sentimental de la joven, quien se entreg\u00f3 el 6 de abril del 2020 y fue indiciado como autor intelectual de los hechos.\u00a0<\/p>\n\n\n\n<p>Previamente, fue detenido Rub\u00e9n L. C. a quien se se\u00f1ala de haber contratado directamente a los agresores y cubierto el pago prometido, de 30 mil pesos, por \u00f3rdenes del tambi\u00e9n ex diputado local.<\/p>\n\n\n\n<p>La detenci\u00f3n del \u00faltimo implicado ha retrasado el caso, hasta la fecha solo se puede hablar de la vinculaci\u00f3n a proceso de cuatro personas -una fallecida este viernes en prisi\u00f3n- ninguna con sentencia condenatoria.&nbsp;<\/p>\n","protected":false},"excerpt":{"rendered":"<p>Evlin Arag\u00f3n\/Zona Roja. Oaxaca de Ju\u00e1rez, Oax., 3 de abril de 2021.- Pese a las&hellip;<\/p>\n","protected":false},"author":2,"featured_media":6686,"comment_status":"closed","ping_status":"open","sticky":false,"template":"","format":"standard","meta":{"_lmt_disableupdate":"","_lmt_disable":"","_jetpack_memberships_contains_paid_content":false,"footnotes":""},"categories":[109,47],"tags":[1124],"class_list":["post-25510","post","type-post","status-publish","format-standard","has-post-thumbnail","hentry","category-minuto-a-minuto","category-zona-gris","tag-maria-elena-rios-ortiz"],"jetpack_featured_media_url":"https:\/\/zonaroja.com.mx\/wp-content\/uploads\/2019\/12\/Vera-Carrizal-y-Mar\u00eda-Elena.jpg","jetpack_sharing_enabled":true,"_links":{"self":[{"href":"https:\/\/zonaroja.com.mx\/index.php?rest_route=\/wp\/v2\/posts\/25510","targetHints":{"allow":["GET"]}}],"collection":[{"href":"https:\/\/zonaroja.com.mx\/index.php?rest_route=\/wp\/v2\/posts"}],"about":[{"href":"https:\/\/zonaroja.com.mx\/index.php?rest_route=\/wp\/v2\/types\/post"}],"author":[{"embeddable":true,"href":"https:\/\/zonaroja.com.mx\/index.php?rest_route=\/wp\/v2\/users\/2"}],"replies":[{"embeddable":true,"href":"https:\/\/zonaroja.com.mx\/index.php?rest_route=%2Fwp%2Fv2%2Fcomments&post=25510"}],"version-history":[{"count":1,"href":"https:\/\/zonaroja.com.mx\/index.php?rest_route=\/wp\/v2\/posts\/25510\/revisions"}],"predecessor-version":[{"id":25511,"href":"https:\/\/zonaroja.com.mx\/index.php?rest_route=\/wp\/v2\/posts\/25510\/revisions\/25511"}],"wp:featuredmedia":[{"embeddable":true,"href":"https:\/\/zonaroja.com.mx\/index.php?rest_route=\/wp\/v2\/media\/6686"}],"wp:attachment":[{"href":"https:\/\/zonaroja.com.mx\/index.php?rest_route=%2Fwp%2Fv2%2Fmedia&parent=25510"}],"wp:term":[{"taxonomy":"category","embeddable":true,"href":"https:\/\/zonaroja.com.mx\/index.php?rest_route=%2Fwp%2Fv2%2Fcategories&post=25510"},{"taxonomy":"post_tag","embeddable":true,"href":"https:\/\/zonaroja.com.mx\/index.php?rest_route=%2Fwp%2Fv2%2Ftags&post=25510"}],"curies":[{"name":"wp","href":"https:\/\/api.w.org\/{rel}","templated":true}]}}