{"id":25512,"date":"2021-04-03T16:19:07","date_gmt":"2021-04-03T22:19:07","guid":{"rendered":"http:\/\/www.zonaroja.com.mx\/?p=25512"},"modified":"2021-04-03T16:19:10","modified_gmt":"2021-04-03T22:19:10","slug":"en-sabado-santo-asesinan-a-cuatro-personas-tres-eran-policias-y-los-calcinaron","status":"publish","type":"post","link":"https:\/\/zonaroja.com.mx\/?p=25512","title":{"rendered":"En S\u00e1bado Santo, asesinan a cuatro personas; tres eran polic\u00edas y los calcinaron"},"content":{"rendered":"\n<p>Ismael Garc\u00eda M.\/Zona Roja.<\/p>\n\n\n\n<p>Oaxaca de Ju\u00e1rez, Oax., 3 de abril de 2021.- En S\u00e1bado Santo, cuatro personas fueron asesinadas en Oaxaca, en dos hechos distintos.<\/p>\n\n\n\n<p>Tres de las v\u00edctimas eran polic\u00edas municipales, entre ellos una mujer, que adem\u00e1s fueron calcinados.<\/p>\n\n\n\n<p>En inmediaciones de la supercarretera Oaxaca-Costa, tramo Barranca Larga-Ventanilla, fueron emboscados tres elementos de la polic\u00eda municipal de San Pablo Coatl\u00e1n, municipio de la regi\u00f3n Sierra Sur del estado.<\/p>\n\n\n\n<p>En un comunicado, el ayuntamiento que encabeza Abraham L\u00f3pez Mart\u00ednez confirm\u00f3 los hechos sucedidos alrededor de las 11:00 horas en contra de los uniformados, entre ellos una mujer; los tres cuerpos fueron adem\u00e1s calcinados.<\/p>\n\n\n\n<p>EMITEN COMUNICADO<\/p>\n\n\n\n<p>\u201cEl ayuntamiento de San Pablo Coatl\u00e1n lamenta profundamente el cobarde asesinato de tres compa\u00f1eros de la polic\u00eda municipal y condena en\u00e9rgicamente estos hechos de violencia que hoy enlutaron no solo a tres familias, sino a todo nuestro municipio de la regi\u00f3n Sierra Sur.<\/p>\n\n\n\n<p>\u201cLamentablemente, nuestros elementos en cumplimiento de su deber sufrieron una emboscada en el tramo carretero donde se construye la autopista Barranca Larga-Ventanilla\u201d, difundi\u00f3 en un comunicado.<\/p>\n\n\n\n<p>Demand\u00f3 a los gobiernos estatal y federal, as\u00ed como a las fiscal\u00edas General de la Rep\u00fablica y General del estado a indagar de inmediato los hechos, para que no queden impunes.<\/p>\n\n\n\n<p>\u201cAs\u00ed tambi\u00e9n, hacemos un llamado a nuestro pueblo a mantener la calma y la paz social, vamos a exigir juntos justicia, estos hechos de barbarie no deben darse en nuestros pueblos, vamos a informar, y a partir de este momento le exigimos nuevamente al gobierno federal y al Gobierno del Estado, una mesa de car\u00e1cter urgente para atender el tema de seguridad en nuestro municipio, en nuestras comunidades, y en nuestra regi\u00f3n\u201d, detall\u00f3.<\/p>\n\n\n\n<p>Exigi\u00f3 a la Comisi\u00f3n Nacional de Derechos Humanos y a la Defensor\u00eda de los Derechos Humanos del Pueblo de Oaxaca otorguen medidas cautelares \u201cante las constantes amenazas y hechos de violencia que se vive en nuestro municipio\u201d.<\/p>\n\n\n\n<p>OTRO CAD\u00c0VER<\/p>\n\n\n\n<p>Tambi\u00e9n este s\u00e1bado, a un costado de la carretera federal 190, Oaxaca-M\u00e9xico, fue hallado el cuerpo sin vida de una persona del sexo masculino.<\/p>\n\n\n\n<p>Se hall\u00f3 en el tramo carretero entre San Pablo Huitzo y Magdalena Apasco; la v\u00edctima a\u00fan no ha sido identificada como tampoco las causas del homicidio.<\/p>\n","protected":false},"excerpt":{"rendered":"<p>Ismael Garc\u00eda M.\/Zona Roja. Oaxaca de Ju\u00e1rez, Oax., 3 de abril de 2021.- En S\u00e1bado&hellip;<\/p>\n","protected":false},"author":2,"featured_media":25513,"comment_status":"closed","ping_status":"open","sticky":false,"template":"","format":"standard","meta":{"_lmt_disableupdate":"","_lmt_disable":"","_jetpack_memberships_contains_paid_content":false,"footnotes":""},"categories":[109,51],"tags":[2575],"class_list":["post-25512","post","type-post","status-publish","format-standard","has-post-thumbnail","hentry","category-minuto-a-minuto","category-zona-roja","tag-san-pablo-coatlan"],"jetpack_featured_media_url":"https:\/\/zonaroja.com.mx\/wp-content\/uploads\/2021\/04\/San-Pablo-Coatlan.jpg","jetpack_sharing_enabled":true,"_links":{"self":[{"href":"https:\/\/zonaroja.com.mx\/index.php?rest_route=\/wp\/v2\/posts\/25512","targetHints":{"allow":["GET"]}}],"collection":[{"href":"https:\/\/zonaroja.com.mx\/index.php?rest_route=\/wp\/v2\/posts"}],"about":[{"href":"https:\/\/zonaroja.com.mx\/index.php?rest_route=\/wp\/v2\/types\/post"}],"author":[{"embeddable":true,"href":"https:\/\/zonaroja.com.mx\/index.php?rest_route=\/wp\/v2\/users\/2"}],"replies":[{"embeddable":true,"href":"https:\/\/zonaroja.com.mx\/index.php?rest_route=%2Fwp%2Fv2%2Fcomments&post=25512"}],"version-history":[{"count":1,"href":"https:\/\/zonaroja.com.mx\/index.php?rest_route=\/wp\/v2\/posts\/25512\/revisions"}],"predecessor-version":[{"id":25514,"href":"https:\/\/zonaroja.com.mx\/index.php?rest_route=\/wp\/v2\/posts\/25512\/revisions\/25514"}],"wp:featuredmedia":[{"embeddable":true,"href":"https:\/\/zonaroja.com.mx\/index.php?rest_route=\/wp\/v2\/media\/25513"}],"wp:attachment":[{"href":"https:\/\/zonaroja.com.mx\/index.php?rest_route=%2Fwp%2Fv2%2Fmedia&parent=25512"}],"wp:term":[{"taxonomy":"category","embeddable":true,"href":"https:\/\/zonaroja.com.mx\/index.php?rest_route=%2Fwp%2Fv2%2Fcategories&post=25512"},{"taxonomy":"post_tag","embeddable":true,"href":"https:\/\/zonaroja.com.mx\/index.php?rest_route=%2Fwp%2Fv2%2Ftags&post=25512"}],"curies":[{"name":"wp","href":"https:\/\/api.w.org\/{rel}","templated":true}]}}