{"id":25516,"date":"2021-04-03T18:42:43","date_gmt":"2021-04-04T00:42:43","guid":{"rendered":"https:\/\/www.zonaroja.com.mx\/?p=25516"},"modified":"2021-04-03T19:03:09","modified_gmt":"2021-04-04T01:03:09","slug":"en-soyaltepec-desafian-al-covid-y-celebran-feria-de-la-mojarra-con-aglomeraciones","status":"publish","type":"post","link":"https:\/\/zonaroja.com.mx\/?p=25516","title":{"rendered":"En Soyaltepec desaf\u00edan al Covid y celebran Feria de la Mojarra con aglomeraciones"},"content":{"rendered":"\n<p class=\"MsoNormal\">Redacci\u00f3n\/Zona Roja.<\/p>\n\n\n\n<p class=\"MsoNormal\">Oaxaca de Ju\u00e1rez, Oax., 3 de abril de 2021.- Autoridades y poblaci\u00f3n de San Miguel Soyaltepec, en la regi\u00f3n de la Cuenca del estado de Oaxaca, desaf\u00edan al Covid-19 con eventos masivos para celebrar la Feria de la Mojarra 2021 en esta Semana Santa.<\/p>\n\n\n\n<p class=\"MsoNormal\">Una vez m\u00e1s, una comunidad de esa zona del norte de la entidad realiza actos que ponen en riesgo la salud de los ciudadanos frente a la pandemia por coronavirus.<\/p>\n\n\n\n<p class=\"MsoNormal\">En Soyaltepec, conocido tambi\u00e9n como Temascal, este fin de semana se lleva a cabo la Feria de la Mojarra 2021, para la cual se programaron bailes populares, rodeo, as\u00ed como torneos deportivos de f\u00fatbol y voleibol, de acuerdo con la publicidad de la actividad.<\/p>\n\n\n\n<p class=\"MsoNormal\">En el cartel publicitario se dio a conocer que es apoyada por la Fundaci\u00f3n GDS, del diputado local Gustavo D\u00edaz S\u00e1nchez, y el Comit\u00e9 Organizador de la presa \u201cMiguel Alem\u00e1n\u201d, quienes invitaron a la poblaci\u00f3n a la celebraci\u00f3n.  <\/p>\n\n\n\n<p class=\"MsoNormal\">En el anuncio se cit\u00f3: \u201cpara no perder la costumbre de la tradici\u00f3n de la Feria de la Mojarra\u201d.<\/p>\n\n\n\n<figure class=\"wp-block-image size-large\"><img decoding=\"async\" width=\"828\" height=\"1280\" src=\"https:\/\/www.zonaroja.com.mx\/wp-content\/uploads\/2021\/04\/7a94c80a-240d-4f28-bc10-cd58900512f5.jpg\" alt=\"\" class=\"wp-image-25518\" srcset=\"https:\/\/zonaroja.com.mx\/wp-content\/uploads\/2021\/04\/7a94c80a-240d-4f28-bc10-cd58900512f5.jpg 828w, https:\/\/zonaroja.com.mx\/wp-content\/uploads\/2021\/04\/7a94c80a-240d-4f28-bc10-cd58900512f5-194x300.jpg 194w, https:\/\/zonaroja.com.mx\/wp-content\/uploads\/2021\/04\/7a94c80a-240d-4f28-bc10-cd58900512f5-662x1024.jpg 662w, https:\/\/zonaroja.com.mx\/wp-content\/uploads\/2021\/04\/7a94c80a-240d-4f28-bc10-cd58900512f5-768x1187.jpg 768w, https:\/\/zonaroja.com.mx\/wp-content\/uploads\/2021\/04\/7a94c80a-240d-4f28-bc10-cd58900512f5-585x904.jpg 585w\" sizes=\"(max-width: 828px) 100vw, 828px\" \/><\/figure>\n\n\n\n<p class=\"MsoNormal\">La fiesta comenz\u00f3 el Jueves Santo con un rodeo, del que circularon im\u00e1genes donde se exhibi\u00f3 que estuvieron presentes el presidente municipal de Soyaltepec, Antonio Nazario Hern\u00e1ndez y el diputado Gustavo D\u00edaz S\u00e1nchez, ambos del Partido Revolucionario Institucional.<\/p>\n\n\n\n<p class=\"MsoNormal\">Al rodeo, de acuerdo a las im\u00e1genes, asisti\u00f3 una gran cantidad de personas y aunque se indic\u00f3 en el cartel que se tomar\u00edan estrictas medidas de higiene, varios asistentes lucieron sin cubrebocas y no se respet\u00f3 la sana distancia.<\/p>\n\n\n\n<p class=\"MsoNormal\">Esta feria concluye este S\u00e1bado de Gloria con un baile amenizado por la Sonora Dinamita. Todas las actividades se llevaron a cabo de forma gratuita, seg\u00fan el cartel.<\/p>\n\n\n\n<p class=\"MsoNormal\">En febrero se dio a conocer que en la comunidad de San Juan del R\u00edo, del municipio de Santiago Cho\u00e1pam, se registr\u00f3 un brote de Covid luego que en enero se llev\u00f3 a cabo un baile popular, lo que tambi\u00e9n deriv\u00f3 en el fallecimiento de personas.<\/p>\n\n\n\n<p class=\"MsoNormal\">En la regi\u00f3n de la Cuenca tambi\u00e9n se han registrado bailes en medio de la contingencia por Covid en comunidades de los municipios de San Juan Lalana y San Felipe Usila.<\/p>\n","protected":false},"excerpt":{"rendered":"<p>Redacci\u00f3n\/Zona Roja. Oaxaca de Ju\u00e1rez, Oax., 3 de abril de 2021.- Autoridades y poblaci\u00f3n de&hellip;<\/p>\n","protected":false},"author":2,"featured_media":25515,"comment_status":"closed","ping_status":"open","sticky":false,"template":"","format":"standard","meta":{"_lmt_disableupdate":"","_lmt_disable":"","_jetpack_memberships_contains_paid_content":false,"footnotes":""},"categories":[109,47],"tags":[1037],"class_list":["post-25516","post","type-post","status-publish","format-standard","has-post-thumbnail","hentry","category-minuto-a-minuto","category-zona-gris","tag-san-miguel-soyaltepec"],"jetpack_featured_media_url":"https:\/\/zonaroja.com.mx\/wp-content\/uploads\/2021\/04\/9ecef2a9-b9d3-47f1-80be-194758ade499.jpg","jetpack_sharing_enabled":true,"_links":{"self":[{"href":"https:\/\/zonaroja.com.mx\/index.php?rest_route=\/wp\/v2\/posts\/25516","targetHints":{"allow":["GET"]}}],"collection":[{"href":"https:\/\/zonaroja.com.mx\/index.php?rest_route=\/wp\/v2\/posts"}],"about":[{"href":"https:\/\/zonaroja.com.mx\/index.php?rest_route=\/wp\/v2\/types\/post"}],"author":[{"embeddable":true,"href":"https:\/\/zonaroja.com.mx\/index.php?rest_route=\/wp\/v2\/users\/2"}],"replies":[{"embeddable":true,"href":"https:\/\/zonaroja.com.mx\/index.php?rest_route=%2Fwp%2Fv2%2Fcomments&post=25516"}],"version-history":[{"count":2,"href":"https:\/\/zonaroja.com.mx\/index.php?rest_route=\/wp\/v2\/posts\/25516\/revisions"}],"predecessor-version":[{"id":25519,"href":"https:\/\/zonaroja.com.mx\/index.php?rest_route=\/wp\/v2\/posts\/25516\/revisions\/25519"}],"wp:featuredmedia":[{"embeddable":true,"href":"https:\/\/zonaroja.com.mx\/index.php?rest_route=\/wp\/v2\/media\/25515"}],"wp:attachment":[{"href":"https:\/\/zonaroja.com.mx\/index.php?rest_route=%2Fwp%2Fv2%2Fmedia&parent=25516"}],"wp:term":[{"taxonomy":"category","embeddable":true,"href":"https:\/\/zonaroja.com.mx\/index.php?rest_route=%2Fwp%2Fv2%2Fcategories&post=25516"},{"taxonomy":"post_tag","embeddable":true,"href":"https:\/\/zonaroja.com.mx\/index.php?rest_route=%2Fwp%2Fv2%2Ftags&post=25516"}],"curies":[{"name":"wp","href":"https:\/\/api.w.org\/{rel}","templated":true}]}}