{"id":2552,"date":"2019-07-27T07:36:15","date_gmt":"2019-07-27T12:36:15","guid":{"rendered":"http:\/\/www.zonaroja.com.mx\/?p=2552"},"modified":"2019-07-27T07:36:18","modified_gmt":"2019-07-27T12:36:18","slug":"dotan-de-equipo-y-mobiliario-a-32-escuelas-de-la-region-costa","status":"publish","type":"post","link":"https:\/\/zonaroja.com.mx\/?p=2552","title":{"rendered":"Dotan de equipo y mobiliario a 32 escuelas de la regi\u00f3n Costa"},"content":{"rendered":"\n<p>Redacci\u00f3n<\/p>\n\n\n\n<p>Oaxaca de Ju\u00e1rez, Oax., Aproximadamente\ntres mil 841 estudiantes y 246 docentes de 32 instituciones educativas de nivel\nb\u00e1sico en la regi\u00f3n de la Costa de Oaxaca fueron beneficiados con equipo de\nc\u00f3mputo y mobiliario esta semana. <\/p>\n\n\n\n<p>De acuerdo con el Instituto Estatal de\nEducaci\u00f3n P\u00fablica de Oaxaca (IEEPO), las instituciones atendidas fueron un\npreescolar ind\u00edgena, nueve preescolares generales, 12 primaria generales y\ncinco secundarias generales.<\/p>\n\n\n\n<p>Asimismo, una secundaria t\u00e9cnica, tres\ntelesecundarias y una secundaria para trabajadores, como parte del compromiso\nen materia educativa del mandatario Alejandro Murat Hinojosa con los\nayuntamientos de las ocho regiones de la entidad. <\/p>\n\n\n\n<p>Directivos, docentes y padres de familia que recibieron mesas, sillas, pizarrones, computadoras, instrumentos de banda de guerra, material de limpieza, equipos de sonido proyectores, entre otros, expresaron su agradecimiento por los materiales que son de gran apoyo para las instituciones educativas.<\/p>\n\n\n\n<figure class=\"wp-block-image\"><img decoding=\"async\" width=\"1024\" height=\"683\" src=\"http:\/\/www.zonaroja.com.mx\/wp-content\/uploads\/2019\/07\/mobiliario-IEEPO-2-1024x683.jpg\" alt=\"\" class=\"wp-image-2554\" srcset=\"https:\/\/zonaroja.com.mx\/wp-content\/uploads\/2019\/07\/mobiliario-IEEPO-2.jpg 1024w, https:\/\/zonaroja.com.mx\/wp-content\/uploads\/2019\/07\/mobiliario-IEEPO-2-300x200.jpg 300w, https:\/\/zonaroja.com.mx\/wp-content\/uploads\/2019\/07\/mobiliario-IEEPO-2-768x512.jpg 768w, https:\/\/zonaroja.com.mx\/wp-content\/uploads\/2019\/07\/mobiliario-IEEPO-2-585x390.jpg 585w, https:\/\/zonaroja.com.mx\/wp-content\/uploads\/2019\/07\/mobiliario-IEEPO-2-263x175.jpg 263w\" sizes=\"(max-width: 1024px) 100vw, 1024px\" \/><\/figure>\n\n\n\n<p>Los planteles beneficiados se ubican en\nlos municipios de Santa Mar\u00eda Huazolotitl\u00e1n, Santiago Pinotepa Nacional, Santo\nDomingo Armenta, San Pedro Jicay\u00e1n, San Andr\u00e9s Huaxpaltepec, Santiago Llano\nGrande, San Juan Cacahuatepec, Santiago Tapextla, San Sebasti\u00e1n Ixcapa y Santa\nMar\u00eda Tonameca. <\/p>\n\n\n\n<p>El director general del IEEPO,\nFrancisco \u00c1ngel Villarreal, inform\u00f3 que en el marco de la gira de trabajo\nrealizada por el gobernador Murat Hinojosa, acompa\u00f1ado de la presidenta\nhonoraria del Sistema DIF Estatal, Ivette Mor\u00e1n de Murat, en El Ciruelo,\nPinotepa Nacional, se distribuyeron los apoyos para mejorar los servicios\neducativos de 212 grupos.<\/p>\n\n\n\n<p>Con ello, se contribuye a mejorar las condiciones de los planteles, lo que tambi\u00e9n favorece al rendimiento acad\u00e9mico de los alumnos, puntualiz\u00f3 el responsable de la pol\u00edtica educativa en la entidad, que manifest\u00f3 que el Instituto se suma a las acciones emprendidas por Gobernador del Estado en esta zona para reivindicar a la poblaci\u00f3n afrodescendiente y empoderar a sus mujeres en la construcci\u00f3n de un pa\u00eds respetuoso de la diversidad \u00e9tnica.<\/p>\n\n\n\n<figure class=\"wp-block-embed-twitter wp-block-embed is-type-rich is-provider-twitter\"><div class=\"wp-block-embed__wrapper\">\n<div class=\"twitter-tweet\"><blockquote class=\"twitter-tweet\" data-lang=\"es\"><p lang=\"es\" dir=\"ltr\">En gira de trabajo en El Ciruelo, Pinotepa Nacional, el Gobernador <a href=\"https:\/\/twitter.com\/alejandromurat?ref_src=twsrc%5Etfw\">@alejandromurat<\/a>, la Pdta. Honoraria del <a href=\"https:\/\/twitter.com\/DIF_Oaxaca?ref_src=twsrc%5Etfw\">@DIF_Oaxaca<\/a> <a href=\"https:\/\/twitter.com\/IvetteMurat?ref_src=twsrc%5Etfw\">@IvetteMurat<\/a> y el Dir. del IEEPO <a href=\"https:\/\/twitter.com\/VillarrealPaco?ref_src=twsrc%5Etfw\">@VillarrealPaco<\/a> entregaron mobiliario y equipo a 3,841 estudiantes y 246 docentes de 32 escuelas de 10 municipios de la Costa. <a href=\"https:\/\/t.co\/aX1F937io4\">pic.twitter.com\/aX1F937io4<\/a><\/p>&mdash; IEEPO (@IEEPOGobOax) <a href=\"https:\/\/twitter.com\/IEEPOGobOax\/status\/1154905024377606144?ref_src=twsrc%5Etfw\">27 de julio de 2019<\/a><\/blockquote><\/div>\n<\/div><\/figure>\n","protected":false},"excerpt":{"rendered":"<p>Redacci\u00f3n Oaxaca de Ju\u00e1rez, Oax., Aproximadamente tres mil 841 estudiantes y 246 docentes de 32&hellip;<\/p>\n","protected":false},"author":2,"featured_media":2553,"comment_status":"closed","ping_status":"open","sticky":false,"template":"","format":"standard","meta":{"_lmt_disableupdate":"","_lmt_disable":"","_jetpack_memberships_contains_paid_content":false,"footnotes":""},"categories":[109,46],"tags":[],"class_list":["post-2552","post","type-post","status-publish","format-standard","has-post-thumbnail","hentry","category-minuto-a-minuto","category-zona-blanca"],"jetpack_featured_media_url":"https:\/\/zonaroja.com.mx\/wp-content\/uploads\/2019\/07\/mobiliario-IEEPO-1.jpg","jetpack_sharing_enabled":true,"_links":{"self":[{"href":"https:\/\/zonaroja.com.mx\/index.php?rest_route=\/wp\/v2\/posts\/2552","targetHints":{"allow":["GET"]}}],"collection":[{"href":"https:\/\/zonaroja.com.mx\/index.php?rest_route=\/wp\/v2\/posts"}],"about":[{"href":"https:\/\/zonaroja.com.mx\/index.php?rest_route=\/wp\/v2\/types\/post"}],"author":[{"embeddable":true,"href":"https:\/\/zonaroja.com.mx\/index.php?rest_route=\/wp\/v2\/users\/2"}],"replies":[{"embeddable":true,"href":"https:\/\/zonaroja.com.mx\/index.php?rest_route=%2Fwp%2Fv2%2Fcomments&post=2552"}],"version-history":[{"count":1,"href":"https:\/\/zonaroja.com.mx\/index.php?rest_route=\/wp\/v2\/posts\/2552\/revisions"}],"predecessor-version":[{"id":2555,"href":"https:\/\/zonaroja.com.mx\/index.php?rest_route=\/wp\/v2\/posts\/2552\/revisions\/2555"}],"wp:featuredmedia":[{"embeddable":true,"href":"https:\/\/zonaroja.com.mx\/index.php?rest_route=\/wp\/v2\/media\/2553"}],"wp:attachment":[{"href":"https:\/\/zonaroja.com.mx\/index.php?rest_route=%2Fwp%2Fv2%2Fmedia&parent=2552"}],"wp:term":[{"taxonomy":"category","embeddable":true,"href":"https:\/\/zonaroja.com.mx\/index.php?rest_route=%2Fwp%2Fv2%2Fcategories&post=2552"},{"taxonomy":"post_tag","embeddable":true,"href":"https:\/\/zonaroja.com.mx\/index.php?rest_route=%2Fwp%2Fv2%2Ftags&post=2552"}],"curies":[{"name":"wp","href":"https:\/\/api.w.org\/{rel}","templated":true}]}}