{"id":25520,"date":"2021-04-03T20:56:07","date_gmt":"2021-04-04T03:56:07","guid":{"rendered":"http:\/\/www.zonaroja.com.mx\/?p=25520"},"modified":"2021-04-03T20:56:12","modified_gmt":"2021-04-04T03:56:12","slug":"identifican-a-policias-calcinados-en-ataque-armado-en-coatlan-oaxaca","status":"publish","type":"post","link":"https:\/\/zonaroja.com.mx\/?p=25520","title":{"rendered":"Identifican a polic\u00edas calcinados en ataque armado en Coatl\u00e1n, Oaxaca"},"content":{"rendered":"\n<p>Ismael Garc\u00eda M.\/Zona Roja.<\/p>\n\n\n\n<p>Oaxaca de Ju\u00e1rez, Oax., 3 de abril de 2021.- Como Jos\u00e9 Carlos Sosa Le\u00f3n, capit\u00e1n retirado y director de la corporaci\u00f3n; Abd\u00edas Cruz D\u00edaz y Elizabeth J. C., fueron identificados los polic\u00edas municipales emboscados y calcinados la ma\u00f1ana de este s\u00e1bado en San Pablo Coatl\u00e1n.<\/p>\n\n\n\n<p>De acuerdo con los primeros reportes oficiales, la patrulla quemada en su totalidad, con n\u00famero econ\u00f3mico 059, fue localizada aproximadamente en el kil\u00f3metro 134+380 de la supercarretera Oaxaca-Costa, en el tramo Barranca Larga-Ventanilla, jurisdicci\u00f3n de dicho municipio de la regi\u00f3n Sierra Sur de Oaxaca.<\/p>\n\n\n\n<p>De acuerdo con las primeras indagatorias por parte de la Fiscal\u00eda General del Estado, en el sitio se hallaron diversos indicios bal\u00edsticos de arma larga tipo R-15, as\u00ed como de calibre 7.62 mil\u00edmetros.<\/p>\n\n\n\n<p>Hasta el momento no ha habido informaci\u00f3n oficial al respecto por parte del Gobierno del Estado y \u00fanicamente a trav\u00e9s de las redes sociales, la Fiscal\u00eda inform\u00f3 que dio inicio a la Carpeta de Investigaci\u00f3n \u201crespecto de los hechos violentos suscitados en la Sierra Sur, en los que fallecieron 3 elementos de la polic\u00eda municipal de San Pablo Coatl\u00e1n Miahuatl\u00e1n.<\/p>\n\n\n\n<p>\u201cLa instituci\u00f3n despleg\u00f3 personal multidisciplinario en el lugar; de lo que s\u00ed emiti\u00f3 comunicado fue la ratificaci\u00f3n de Jos\u00e9 Alfredo \u00c1lvarez G\u00f3mez como coordinador general de la Agencia Estatal de Investigaciones.<\/p>\n","protected":false},"excerpt":{"rendered":"<p>Ismael Garc\u00eda M.\/Zona Roja. Oaxaca de Ju\u00e1rez, Oax., 3 de abril de 2021.- Como Jos\u00e9&hellip;<\/p>\n","protected":false},"author":2,"featured_media":25521,"comment_status":"closed","ping_status":"open","sticky":false,"template":"","format":"standard","meta":{"_lmt_disableupdate":"","_lmt_disable":"","_jetpack_memberships_contains_paid_content":false,"footnotes":""},"categories":[109,51],"tags":[2575],"class_list":["post-25520","post","type-post","status-publish","format-standard","has-post-thumbnail","hentry","category-minuto-a-minuto","category-zona-roja","tag-san-pablo-coatlan"],"jetpack_featured_media_url":"https:\/\/zonaroja.com.mx\/wp-content\/uploads\/2021\/04\/Policias-Coatlan-1.jpg","jetpack_sharing_enabled":true,"_links":{"self":[{"href":"https:\/\/zonaroja.com.mx\/index.php?rest_route=\/wp\/v2\/posts\/25520","targetHints":{"allow":["GET"]}}],"collection":[{"href":"https:\/\/zonaroja.com.mx\/index.php?rest_route=\/wp\/v2\/posts"}],"about":[{"href":"https:\/\/zonaroja.com.mx\/index.php?rest_route=\/wp\/v2\/types\/post"}],"author":[{"embeddable":true,"href":"https:\/\/zonaroja.com.mx\/index.php?rest_route=\/wp\/v2\/users\/2"}],"replies":[{"embeddable":true,"href":"https:\/\/zonaroja.com.mx\/index.php?rest_route=%2Fwp%2Fv2%2Fcomments&post=25520"}],"version-history":[{"count":1,"href":"https:\/\/zonaroja.com.mx\/index.php?rest_route=\/wp\/v2\/posts\/25520\/revisions"}],"predecessor-version":[{"id":25522,"href":"https:\/\/zonaroja.com.mx\/index.php?rest_route=\/wp\/v2\/posts\/25520\/revisions\/25522"}],"wp:featuredmedia":[{"embeddable":true,"href":"https:\/\/zonaroja.com.mx\/index.php?rest_route=\/wp\/v2\/media\/25521"}],"wp:attachment":[{"href":"https:\/\/zonaroja.com.mx\/index.php?rest_route=%2Fwp%2Fv2%2Fmedia&parent=25520"}],"wp:term":[{"taxonomy":"category","embeddable":true,"href":"https:\/\/zonaroja.com.mx\/index.php?rest_route=%2Fwp%2Fv2%2Fcategories&post=25520"},{"taxonomy":"post_tag","embeddable":true,"href":"https:\/\/zonaroja.com.mx\/index.php?rest_route=%2Fwp%2Fv2%2Ftags&post=25520"}],"curies":[{"name":"wp","href":"https:\/\/api.w.org\/{rel}","templated":true}]}}