{"id":25523,"date":"2021-04-04T09:50:00","date_gmt":"2021-04-04T14:50:00","guid":{"rendered":"http:\/\/www.zonaroja.com.mx\/?p=25523"},"modified":"2021-04-03T21:45:35","modified_gmt":"2021-04-04T03:45:35","slug":"autoridades-de-cinco-municipios-de-la-costa-piden-mayor-seguridad-para-mujeres","status":"publish","type":"post","link":"https:\/\/zonaroja.com.mx\/?p=25523","title":{"rendered":"Autoridades de cinco municipios de la Costa piden mayor seguridad para mujeres"},"content":{"rendered":"\n<p>Evlin Arag\u00f3n\/Zona Roja.<\/p>\n\n\n\n<p>Oaxaca de Ju\u00e1rez, Oax., 4 de abril de 2021.- Representantes de las sindicaturas, as\u00ed como de las instancias municipales de mujeres de los municipios de San Pedro Jicay\u00e1n, San Miguel Tlacama, Pinotepa de Don Luis, San Pedro Atoyac y San Juan Colorado, solicitaron a los gobiernos estatal y federal, garantizar la seguridad de las mujeres y cumplir con su obligaci\u00f3n de prevenir, atender y sancionar la violencia feminicida.\u00a0<\/p>\n\n\n\n<p>Lo anterior tras el asesinato violento de Estela Merino Garc\u00eda, mujer ind\u00edgena y campesina de 42 a\u00f1os de edad, cuyo cuerpo fue localizado calcinado y con signos de lesiones con arma punzo cortante, en inmediaciones de San Pedro Jicay\u00e1n, de donde era originaria.&nbsp;<\/p>\n\n\n\n<p>A trav\u00e9s de un oficio, dirigido al Presidente de la Rep\u00fablica, Andr\u00e9s Manuel L\u00f3pez Obrador, y el gobernador de Oaxaca, Alejandro Murat Hinojosa, manifestaron que dicho crimen representa una grave expresi\u00f3n de violencia feminicida y de vulneraci\u00f3n de derechos humano que no puede quedar impune.&nbsp;<\/p>\n\n\n\n<p>Explicaron que ha sido la impunidad ante los feminicidios, lo que ha permitido que estos sigan en aumento en la zona costera, todo en perjuicio de las mujeres que por ley tienen derecho a una vida libre de violencia.&nbsp;<\/p>\n\n\n\n<p>Denunciaron la falta de personal al interior de las instancias que deben velar por seguridad y la justicia de las mujeres en la microrregi\u00f3n, de ah\u00ed que lamentaron que actualmente este sector viva en constante riesgo, no solo en las calles, sino tambi\u00e9n al interior de sus viviendas.&nbsp;<\/p>\n\n\n\n<p>\u201cEn la regi\u00f3n no existen las condiciones para el seguimiento y atenci\u00f3n adecuada de los casos de feminicidios o de violencia contra las mujeres que hemos turnado a las instancias. En las instituciones de procuraci\u00f3n y administraci\u00f3n de justicia se carece de mujeres abogadas, psic\u00f3logas, peritos y defensores que tenga conocimiento de la lengua y cultura de nuestras mujeres ind\u00edgenas\u201d, refieren.&nbsp;<\/p>\n\n\n\n<p>Recordaron que dos de los municipios firmantes, Pinotepa Nacional y Santiago Jamiltepec, cuentan con Alerta de Violencia de G\u00e9nero, desde agoto del 2018, lo cual no ha derivado en una reducci\u00f3n de feminicidios, los cuales por el contrario van en aumento en la zona.<\/p>\n\n\n\n<p>\u201cLos hechos de feminicidio siguen increment\u00e1ndose, ahora las mujeres no solo corren riesgo en las calles de Santiago Jamiltepec o de Pinotepa Nacional, sino tambi\u00e9n en otra comunidades y caminos al campo, como sucedi\u00f3 con Estela Merino Garc\u00eda\u201d, manifestaron.&nbsp;<\/p>\n\n\n\n<p>Finalmente, reiteraron la exigencia a la Fiscal\u00eda General de Justicia de Oaxaca para que lleve a cabo la investigaci\u00f3n correspondiente, a fin de identificar a los responsables y hacer justicia para la m\u00e1s reciente v\u00edctima de feminicidio en la regi\u00f3n de la Costa.&nbsp; As\u00ed mismo, se comprometieron a seguir con el trabajo que desde los municipios sea necesario, a fin de garantizar la eliminaci\u00f3n de la violencia contra las ni\u00f1as y las mujeres ind\u00edgenas y afromexicana en la microrregi\u00f3n.<\/p>\n","protected":false},"excerpt":{"rendered":"<p>Evlin Arag\u00f3n\/Zona Roja. Oaxaca de Ju\u00e1rez, Oax., 4 de abril de 2021.- Representantes de las&hellip;<\/p>\n","protected":false},"author":2,"featured_media":25524,"comment_status":"closed","ping_status":"open","sticky":false,"template":"","format":"standard","meta":{"_lmt_disableupdate":"","_lmt_disable":"","_jetpack_memberships_contains_paid_content":false,"footnotes":""},"categories":[109,47],"tags":[2576],"class_list":["post-25523","post","type-post","status-publish","format-standard","has-post-thumbnail","hentry","category-minuto-a-minuto","category-zona-gris","tag-estela-merino-garcia"],"jetpack_featured_media_url":"https:\/\/zonaroja.com.mx\/wp-content\/uploads\/2021\/04\/Oficio-autoridades-Costa.jpg","jetpack_sharing_enabled":true,"_links":{"self":[{"href":"https:\/\/zonaroja.com.mx\/index.php?rest_route=\/wp\/v2\/posts\/25523","targetHints":{"allow":["GET"]}}],"collection":[{"href":"https:\/\/zonaroja.com.mx\/index.php?rest_route=\/wp\/v2\/posts"}],"about":[{"href":"https:\/\/zonaroja.com.mx\/index.php?rest_route=\/wp\/v2\/types\/post"}],"author":[{"embeddable":true,"href":"https:\/\/zonaroja.com.mx\/index.php?rest_route=\/wp\/v2\/users\/2"}],"replies":[{"embeddable":true,"href":"https:\/\/zonaroja.com.mx\/index.php?rest_route=%2Fwp%2Fv2%2Fcomments&post=25523"}],"version-history":[{"count":3,"href":"https:\/\/zonaroja.com.mx\/index.php?rest_route=\/wp\/v2\/posts\/25523\/revisions"}],"predecessor-version":[{"id":25527,"href":"https:\/\/zonaroja.com.mx\/index.php?rest_route=\/wp\/v2\/posts\/25523\/revisions\/25527"}],"wp:featuredmedia":[{"embeddable":true,"href":"https:\/\/zonaroja.com.mx\/index.php?rest_route=\/wp\/v2\/media\/25524"}],"wp:attachment":[{"href":"https:\/\/zonaroja.com.mx\/index.php?rest_route=%2Fwp%2Fv2%2Fmedia&parent=25523"}],"wp:term":[{"taxonomy":"category","embeddable":true,"href":"https:\/\/zonaroja.com.mx\/index.php?rest_route=%2Fwp%2Fv2%2Fcategories&post=25523"},{"taxonomy":"post_tag","embeddable":true,"href":"https:\/\/zonaroja.com.mx\/index.php?rest_route=%2Fwp%2Fv2%2Ftags&post=25523"}],"curies":[{"name":"wp","href":"https:\/\/api.w.org\/{rel}","templated":true}]}}