{"id":25528,"date":"2021-04-04T09:00:00","date_gmt":"2021-04-04T14:00:00","guid":{"rendered":"http:\/\/www.zonaroja.com.mx\/?p=25528"},"modified":"2021-04-04T11:41:00","modified_gmt":"2021-04-04T16:41:00","slug":"crece-delincuencia-y-la-sspo-sigue-acefala-al-igual-que-decena-de-dependencias","status":"publish","type":"post","link":"https:\/\/zonaroja.com.mx\/?p=25528","title":{"rendered":"Crece delincuencia y la SSPO sigue ac\u00e9fala, al igual que decena de dependencias"},"content":{"rendered":"\n<p>Yuridiana Sosa\/Zona Roja.<\/p>\n\n\n\n<p>Oaxaca de Ju\u00e1rez, Oax., 4 de abril de 2021.- Por motivos pol\u00edtico-electorales y conflictos internos, en una decena de dependencias del gobierno de Oaxaca, las a\u00e9reas son dirigidas por encargados de despacho, luego de las renuncias de sus titulares y en uno m\u00e1s, se mantiene sin representante.<\/p>\n\n\n\n<p>El caso m\u00e1s reciente de una renuncia fue de Ra\u00fal Ernesto Salcedo Rosales a la Secretar\u00eda de Seguridad P\u00fablica de Oaxaca (SSPO) el pasado 31 de marzo, y hasta este 3 de abril, la dependencia sigue ac\u00e9fala, a pesar del incremento de la inseguridad.<\/p>\n\n\n\n<p>En este caso, se confirm\u00f3 de manera extraoficial que la renuncia del ex secretario de recibi\u00f3 a los nueve d\u00edas de registrarse el estallamiento de un paro de labores y \u201ctoma\u201d del cuartel por parte de un grupo de elementos de la Polic\u00eda Estatal, quienes, entre otras demandas, exigieron su renuncia.<\/p>\n\n\n\n<p>En el transcurso de enero a marzo se ha registrado la renuncia de 12 funcionarios, del gabinete legal y ampliado, de los que s\u00f3lo en dos se han sustituido de forma inmediata con titulares al frente.<\/p>\n\n\n\n<p>Son los casos de Donato Casas Escamilla de la Secretar\u00eda de Salud, la primera presentada el 19 de enero y quien fue sustituido por Juan Carlos M\u00e1rquez Heine. Y el 5 de marzo se registr\u00f3 la de Rub\u00e9n Vasconcelos M\u00e9ndez de la Fiscal\u00eda General de Oaxaca, a la que lleg\u00f3 Arturo Peimbert Calvo.<\/p>\n\n\n\n<p>INTERESES POL\u00cdTICOS<\/p>\n\n\n\n<p>La lista de funcionarios que dimitieron de sus cargos se hace extensa ante la intenci\u00f3n de participar en el proceso electoral de este a\u00f1o.<\/p>\n\n\n\n<p>El pasado 6 de marzo el titular de la Secretar\u00eda del Medio Ambiente y Desarrollo Sustentable (Semadeso) Samuel Gurri\u00f3n Matias, present\u00f3 su renuncia. En la dependencia s\u00f3lo qued\u00f3 un encargado de despacho.<\/p>\n\n\n\n<p>Un d\u00eda antes se registr\u00f3 la mayor cantidad de renuncias aceptadas por el gobernador de Oaxaca, Alejandro Murat para cinco de sus colaboradores.<\/p>\n\n\n\n<p>Fue el caso de la titular de la Secretar\u00eda de Movilidad (Semovi), Mariana Erandi Nassar Pi\u00f1eyro; Eufrosina Cruz Mendoza, de la Secretar\u00eda de los Pueblos Ind\u00edgenas y Afromexicano (Sepia); del titular de la Direcci\u00f3n General del Registro Civil, Christian Hern\u00e1ndez Fuentes.<\/p>\n\n\n\n<p>Tambi\u00e9n present\u00f3 renuncia Francisco \u00c1ngel Maldonado Mart\u00ednez, del Instituto de Capacitaci\u00f3n y Productividad para el Trabajo (Icapet) y Jos\u00e9 Antonio Hern\u00e1ndez Fraguas, de la Coordinaci\u00f3n General de Enlace Federal del Gobierno del Estado.<\/p>\n\n\n\n<p>En enero, tambi\u00e9n ocurri\u00f3 la declinaci\u00f3n a los cargos estatales de Secretaria de Bienestar (Sebien), Yolanda Mart\u00ednez L\u00f3pez; Miriam Liborio Hern\u00e1ndez como titular del Instituto Estatal de Educaci\u00f3n para Adultos (IEEA) y del director de la Coordinaci\u00f3n Estatal de Protecci\u00f3n Civil (CEPCO), Antonio Amaro Cancino.<\/p>\n\n\n\n<p>En cada una de las dependencias mencionadas se nombraron encargados de despacho, que para el caso de los primeros registrados en enero- con dos meses de los hecho- el gobernador Alejandro Murat sigue sin tomar protesta a titulares de \u00e1reas, mientras que el tiempo de su \u00faltimo a\u00f1o de gobierno corre.<\/p>\n","protected":false},"excerpt":{"rendered":"<p>Yuridiana Sosa\/Zona Roja. Oaxaca de Ju\u00e1rez, Oax., 4 de abril de 2021.- Por motivos pol\u00edtico-electorales&hellip;<\/p>\n","protected":false},"author":2,"featured_media":21741,"comment_status":"closed","ping_status":"open","sticky":false,"template":"","format":"standard","meta":{"_lmt_disableupdate":"","_lmt_disable":"","_jetpack_memberships_contains_paid_content":false,"footnotes":""},"categories":[109,47],"tags":[2577],"class_list":["post-25528","post","type-post","status-publish","format-standard","has-post-thumbnail","hentry","category-minuto-a-minuto","category-zona-gris","tag-gobierno-de-estado-de-oaxaca"],"jetpack_featured_media_url":"https:\/\/zonaroja.com.mx\/wp-content\/uploads\/2020\/12\/Gobierno-Ciudad-Administrativa.jpg","jetpack_sharing_enabled":true,"_links":{"self":[{"href":"https:\/\/zonaroja.com.mx\/index.php?rest_route=\/wp\/v2\/posts\/25528","targetHints":{"allow":["GET"]}}],"collection":[{"href":"https:\/\/zonaroja.com.mx\/index.php?rest_route=\/wp\/v2\/posts"}],"about":[{"href":"https:\/\/zonaroja.com.mx\/index.php?rest_route=\/wp\/v2\/types\/post"}],"author":[{"embeddable":true,"href":"https:\/\/zonaroja.com.mx\/index.php?rest_route=\/wp\/v2\/users\/2"}],"replies":[{"embeddable":true,"href":"https:\/\/zonaroja.com.mx\/index.php?rest_route=%2Fwp%2Fv2%2Fcomments&post=25528"}],"version-history":[{"count":2,"href":"https:\/\/zonaroja.com.mx\/index.php?rest_route=\/wp\/v2\/posts\/25528\/revisions"}],"predecessor-version":[{"id":25543,"href":"https:\/\/zonaroja.com.mx\/index.php?rest_route=\/wp\/v2\/posts\/25528\/revisions\/25543"}],"wp:featuredmedia":[{"embeddable":true,"href":"https:\/\/zonaroja.com.mx\/index.php?rest_route=\/wp\/v2\/media\/21741"}],"wp:attachment":[{"href":"https:\/\/zonaroja.com.mx\/index.php?rest_route=%2Fwp%2Fv2%2Fmedia&parent=25528"}],"wp:term":[{"taxonomy":"category","embeddable":true,"href":"https:\/\/zonaroja.com.mx\/index.php?rest_route=%2Fwp%2Fv2%2Fcategories&post=25528"},{"taxonomy":"post_tag","embeddable":true,"href":"https:\/\/zonaroja.com.mx\/index.php?rest_route=%2Fwp%2Fv2%2Ftags&post=25528"}],"curies":[{"name":"wp","href":"https:\/\/api.w.org\/{rel}","templated":true}]}}