{"id":25530,"date":"2021-04-04T06:16:22","date_gmt":"2021-04-04T11:16:22","guid":{"rendered":"http:\/\/www.zonaroja.com.mx\/?p=25530"},"modified":"2021-04-04T08:09:58","modified_gmt":"2021-04-04T13:09:58","slug":"alcanzarian-de-9-a-40-anos-de-prision-quienes-cometan-abuso-sexual-en-transporte","status":"publish","type":"post","link":"https:\/\/zonaroja.com.mx\/?p=25530","title":{"rendered":"Alcanzar\u00edan de 9 a 40 a\u00f1os de prisi\u00f3n quienes cometan abuso sexual en transporte"},"content":{"rendered":"\n<p>Redacci\u00f3n\/Zona Roja.<\/p>\n\n\n\n<p>Oaxaca de Ju\u00e1rez, Oax., 4 de abril de 2021.- La 64 Legislatura del Congreso de Oaxaca aprob\u00f3 aumentar el castigo contra el delito de abuso sexual y violaci\u00f3n, cuando el acto se cometa a bordo de una unidad del servicio de transporte p\u00fablico.<\/p>\n\n\n\n<p>Ahora, cuando el delito de abuso sexual, violaci\u00f3n, violaci\u00f3n equiparada y violaci\u00f3n tumultuaria sea cometido a bordo de un veh\u00edculo de servicio p\u00fablico o especial de transporte, y el sujeto activo aproveche esas circunstancias para cometer el delito, las penas aumentar\u00e1n hasta en una mitad de su m\u00ednimo y su m\u00e1ximo.<\/p>\n\n\n\n<p>En este sentido, las penas que actualmente son de seis, 20 y 27 a\u00f1os de castigo, con la agravante podr\u00edan incrementar hasta en nueve y 40 a\u00f1os de c\u00e1rcel para la persona culpable.<\/p>\n\n\n\n<p>Asimismo, la reforma establece que, si el responsable fuere concesionario, adem\u00e1s de la pena de prisi\u00f3n impuesta, se le evocar\u00e1 la autorizaci\u00f3n respectiva.&nbsp; Lo anterior se logr\u00f3 al adicionar la Fracci\u00f3n cinco al Art\u00edculo 248 Bis del C\u00f3digo Penal para el Estado de Oaxaca.<\/p>\n\n\n\n<p>Esta reforma fue dictaminada por las Comisiones permanentes Unidas de Administraci\u00f3n y Procuraci\u00f3n de Justicia y de Igualdad de G\u00e9nero, y aprobada por el Pleno de la 64 Legislatura local.<\/p>\n","protected":false},"excerpt":{"rendered":"<p>Redacci\u00f3n\/Zona Roja. Oaxaca de Ju\u00e1rez, Oax., 4 de abril de 2021.- La 64 Legislatura del&hellip;<\/p>\n","protected":false},"author":2,"featured_media":25531,"comment_status":"closed","ping_status":"open","sticky":false,"template":"","format":"standard","meta":{"_lmt_disableupdate":"","_lmt_disable":"","_jetpack_memberships_contains_paid_content":false,"footnotes":""},"categories":[109,46],"tags":[213],"class_list":["post-25530","post","type-post","status-publish","format-standard","has-post-thumbnail","hentry","category-minuto-a-minuto","category-zona-blanca","tag-64-legislatura-de-oaxaca"],"jetpack_featured_media_url":"https:\/\/zonaroja.com.mx\/wp-content\/uploads\/2021\/04\/Sesion-Congreso-de-Oaxaca.jpg","jetpack_sharing_enabled":true,"_links":{"self":[{"href":"https:\/\/zonaroja.com.mx\/index.php?rest_route=\/wp\/v2\/posts\/25530","targetHints":{"allow":["GET"]}}],"collection":[{"href":"https:\/\/zonaroja.com.mx\/index.php?rest_route=\/wp\/v2\/posts"}],"about":[{"href":"https:\/\/zonaroja.com.mx\/index.php?rest_route=\/wp\/v2\/types\/post"}],"author":[{"embeddable":true,"href":"https:\/\/zonaroja.com.mx\/index.php?rest_route=\/wp\/v2\/users\/2"}],"replies":[{"embeddable":true,"href":"https:\/\/zonaroja.com.mx\/index.php?rest_route=%2Fwp%2Fv2%2Fcomments&post=25530"}],"version-history":[{"count":2,"href":"https:\/\/zonaroja.com.mx\/index.php?rest_route=\/wp\/v2\/posts\/25530\/revisions"}],"predecessor-version":[{"id":25542,"href":"https:\/\/zonaroja.com.mx\/index.php?rest_route=\/wp\/v2\/posts\/25530\/revisions\/25542"}],"wp:featuredmedia":[{"embeddable":true,"href":"https:\/\/zonaroja.com.mx\/index.php?rest_route=\/wp\/v2\/media\/25531"}],"wp:attachment":[{"href":"https:\/\/zonaroja.com.mx\/index.php?rest_route=%2Fwp%2Fv2%2Fmedia&parent=25530"}],"wp:term":[{"taxonomy":"category","embeddable":true,"href":"https:\/\/zonaroja.com.mx\/index.php?rest_route=%2Fwp%2Fv2%2Fcategories&post=25530"},{"taxonomy":"post_tag","embeddable":true,"href":"https:\/\/zonaroja.com.mx\/index.php?rest_route=%2Fwp%2Fv2%2Ftags&post=25530"}],"curies":[{"name":"wp","href":"https:\/\/api.w.org\/{rel}","templated":true}]}}