{"id":25533,"date":"2021-04-04T12:19:49","date_gmt":"2021-04-04T17:19:49","guid":{"rendered":"http:\/\/www.zonaroja.com.mx\/?p=25533"},"modified":"2021-04-04T07:38:13","modified_gmt":"2021-04-04T12:38:13","slug":"impunidad-constante-de-la-violencia-politica-en-mexico-imdhd","status":"publish","type":"post","link":"https:\/\/zonaroja.com.mx\/?p=25533","title":{"rendered":"Impunidad, constante de la violencia pol\u00edtica en M\u00e9xico: IMDHD"},"content":{"rendered":"\n<p>Evlin Arag\u00f3n\/Zona Roja.<\/p>\n\n\n\n<p>Oaxaca de Ju\u00e1rez, Oax., 5 de abril de 2021.- La violencia en contra de personas que participan o aspiran a participar en el \u00e1mbito de la pol\u00edtica ha ido en aumento, entre muchos factores, debido a la impunidad que se ha vuelto una constante en M\u00e9xico para los delitos de alto impacto, muchas veces cometidos por el crimen organizado.&nbsp;&nbsp;<\/p>\n\n\n\n<p>As\u00ed lo dio a conocer Edgar Cortez, abogado e integrante del Instituto Mexicano de los Derechos Humanos y Democracia, en un an\u00e1lisis sobre la violencia que se registra en nuestro pa\u00eds y donde refiri\u00f3 que, de acuerdo con la consultora Etellekt, desde el inicio del proceso electoral el pasado 7 de septiembre hasta el 20 de marzo de 2021, se han registrado 218 v\u00edctimas de la violencia pol\u00edtica.<\/p>\n\n\n\n<p>Aunque la cifra es dram\u00e1tica, el especialista se\u00f1al\u00f3 que podr\u00eda estar muy por debajo de la realidad, en la que lamentablemente existe un fuerte v\u00ednculo del crimen organizado con las fuerzas de seguridad y las instancias de procuraci\u00f3n de justicia.<\/p>\n\n\n\n<p>Edgar Cruz refiere que el aumento de la violencia tiene su historia en la deficiente transici\u00f3n pol\u00edtica del 2000 ya que, aunque M\u00e9xico paso a elecciones suficientemente fiables, las instituciones represivas del Estado se preservaron en los mismos t\u00e9rminos y no se democratizaron.&nbsp;<\/p>\n\n\n\n<p>Ante lo anterior, los gobiernos tuvieron que hacer concesiones con estos grupos que pasaron a administrar la protecci\u00f3n y la impunidad en lo local, a favor de los grupos delincuenciales, cada vez m\u00e1s fuertes y organizados, borrando as\u00ed la separaci\u00f3n entre Estado y delincuencia, y creando un \u00fanico sistema delincuencial.&nbsp;<\/p>\n\n\n\n<p>De ah\u00ed que la violencia en contra de personajes que incursionan en la pol\u00edtica se ha vuelto necesaria para que los grupos delincuenciales conserven la protecci\u00f3n, impunidad y el acceso a los mercados legales e ilegales, ante lo cual nada han podido hacer lo cuatro presidentes posteriores a la transici\u00f3n.&nbsp;<\/p>\n\n\n\n<p>\u201cLos gobiernos del PAN, PRI y el actual de Morena han dejado de lado una efectiva transici\u00f3n que modifique los problemas de fondo en materia de seguridad\u201d, manifest\u00f3.&nbsp;<\/p>\n\n\n\n<p>Por ello, se\u00f1al\u00f3 que diversos especialistas proponen priorizar el desmantelamiento de las redes de protecci\u00f3n por encima de las pol\u00edticas de militarizaci\u00f3n; controles efectivos sobre el uso discrecional del ej\u00e9rcito, polic\u00edas y fiscal\u00edas por parte de los poderes ejecutivos; y reformar las fuentes autoritarias de poder coercitivo.&nbsp;<\/p>\n\n\n\n<p>Sin embargo, lament\u00f3 que las autoridades vayan en sentido contrario a las recomendaciones anteriores.&nbsp;<\/p>\n\n\n\n<p>En Oaxaca, el caso que recientemente de violencia en contra de personajes pol\u00edticos que conmocion\u00f3 a la sociedad en general, fue el asesinato de Ivonne Gallegos, aspirante a la presidencia municipal de Ocotl\u00e1n de Morelos, quien fuera abatida a tiros el pasado 20 de marzo, al interior de su veh\u00edculo.&nbsp;<\/p>\n","protected":false},"excerpt":{"rendered":"<p>Evlin Arag\u00f3n\/Zona Roja. Oaxaca de Ju\u00e1rez, Oax., 5 de abril de 2021.- La violencia en&hellip;<\/p>\n","protected":false},"author":2,"featured_media":25534,"comment_status":"closed","ping_status":"open","sticky":false,"template":"","format":"standard","meta":{"_lmt_disableupdate":"","_lmt_disable":"","_jetpack_memberships_contains_paid_content":false,"footnotes":""},"categories":[109,47],"tags":[2578],"class_list":["post-25533","post","type-post","status-publish","format-standard","has-post-thumbnail","hentry","category-minuto-a-minuto","category-zona-gris","tag-violencia-politica-en-mexico"],"jetpack_featured_media_url":"https:\/\/zonaroja.com.mx\/wp-content\/uploads\/2021\/04\/Violencia-politica.jpg","jetpack_sharing_enabled":true,"_links":{"self":[{"href":"https:\/\/zonaroja.com.mx\/index.php?rest_route=\/wp\/v2\/posts\/25533","targetHints":{"allow":["GET"]}}],"collection":[{"href":"https:\/\/zonaroja.com.mx\/index.php?rest_route=\/wp\/v2\/posts"}],"about":[{"href":"https:\/\/zonaroja.com.mx\/index.php?rest_route=\/wp\/v2\/types\/post"}],"author":[{"embeddable":true,"href":"https:\/\/zonaroja.com.mx\/index.php?rest_route=\/wp\/v2\/users\/2"}],"replies":[{"embeddable":true,"href":"https:\/\/zonaroja.com.mx\/index.php?rest_route=%2Fwp%2Fv2%2Fcomments&post=25533"}],"version-history":[{"count":1,"href":"https:\/\/zonaroja.com.mx\/index.php?rest_route=\/wp\/v2\/posts\/25533\/revisions"}],"predecessor-version":[{"id":25535,"href":"https:\/\/zonaroja.com.mx\/index.php?rest_route=\/wp\/v2\/posts\/25533\/revisions\/25535"}],"wp:featuredmedia":[{"embeddable":true,"href":"https:\/\/zonaroja.com.mx\/index.php?rest_route=\/wp\/v2\/media\/25534"}],"wp:attachment":[{"href":"https:\/\/zonaroja.com.mx\/index.php?rest_route=%2Fwp%2Fv2%2Fmedia&parent=25533"}],"wp:term":[{"taxonomy":"category","embeddable":true,"href":"https:\/\/zonaroja.com.mx\/index.php?rest_route=%2Fwp%2Fv2%2Fcategories&post=25533"},{"taxonomy":"post_tag","embeddable":true,"href":"https:\/\/zonaroja.com.mx\/index.php?rest_route=%2Fwp%2Fv2%2Ftags&post=25533"}],"curies":[{"name":"wp","href":"https:\/\/api.w.org\/{rel}","templated":true}]}}