{"id":25536,"date":"2021-04-04T10:33:48","date_gmt":"2021-04-04T15:33:48","guid":{"rendered":"http:\/\/www.zonaroja.com.mx\/?p=25536"},"modified":"2021-04-04T11:44:49","modified_gmt":"2021-04-04T16:44:49","slug":"maria-rosario-erika-celia-dulce-mareli-y-claudia-siguen-desaparecidas","status":"publish","type":"post","link":"https:\/\/zonaroja.com.mx\/?p=25536","title":{"rendered":"Karen, Mar\u00eda Rosario, Erika, Celia, Dulce, Mareli y Claudia siguen desaparecidas"},"content":{"rendered":"\n<p>Evlin Arag\u00f3n\/Zona Roja.<\/p>\n\n\n\n<p>Oaxaca de Ju\u00e1rez, Oax., 4 de abril de 2021.- Karen Michelle, Mar\u00eda Rosario, Celia Citlaly, Dulce Azucena, Claudia y Mareli son las m\u00e1s recientes v\u00edctimas de desaparici\u00f3n en la entidad oaxaque\u00f1a. De unos meses a la fecha la cifra de mujeres no localizadas no hace m\u00e1s que crecer. Y aunque en algunos casos se logra dar con su paradero, otras llevan a sus familias al borde del colapso.\u00a0\u00a0<\/p>\n\n\n\n<p>La mayor\u00eda son j\u00f3venes, a quienes adem\u00e1s se les vio por \u00faltima vez en plena luz del d\u00eda, al salir de casa, en la calle, sola o acompa\u00f1adas.&nbsp;<\/p>\n\n\n\n<p>Karen Michelle P\u00e9rez S\u00e1nchez, de 16 a\u00f1os; desapareci\u00f3 ayer 3 de abril en el Barrio La Soledad de la Villa de Zaachila; Mar\u00eda del Rosario Guti\u00e9rrez Garc\u00eda, de 23 a\u00f1os de edad, fue vista por \u00faltima vez en Santa Ana del Valle, Tlacolula, el 1 de abril, y hasta ahora no se sabe nada de ella.<\/p>\n\n\n\n<p>Mientras que \u00c9rika Andrea Ruiz P\u00e9rez, de 21 a\u00f1os, desapareci\u00f3 desde el 2 de abril en Pueblo Nuevo, Oaxaca de Ju\u00e1rez.<\/p>\n\n\n\n<p>A sus catorce a\u00f1os, Celia Citlaly fue vista por \u00faltima vez el pasado 31 de marzo, en inmediaciones de colonia Pilar, perteneciente al municipio de San Jacinto Amilpas.&nbsp;<\/p>\n\n\n\n<p>Sali\u00f3 de casa vestida con unos jeans, una sudadera gris con gorro y tenis azul cielo.&nbsp;<\/p>\n\n\n\n<p>Un d\u00eda antes, Dulce Azucena, de 21 a\u00f1os de edad, fue reportada ante la Unidad de B\u00fasqueda de Personas Desaparecidas y No Localizadas, que emiti\u00f3 la ficha correspondiente.&nbsp;<\/p>\n\n\n\n<p>Dulce desapareci\u00f3 en la colonia Jard\u00edn, perteneciente al municipio de Oaxaca de Ju\u00e1rez, vest\u00eda una blusa de manga larga a cuadros, unas mallas de color caf\u00e9 y unos tenis negros.&nbsp;&nbsp;<\/p>\n\n\n\n<p>El caso de Claudia es diferente, a sus 48 a\u00f1os de edad, fue vista por \u00faltima ocasi\u00f3n el pasado 26 de marzo, en el municipio de Asunci\u00f3n Nochixtl\u00e1n.<\/p>\n\n\n\n<p>De acuerdo con la familia, fue sustra\u00edda en contra de su voluntad luego de participar en una protesta, por lo que han acudido a diferentes medios de comunicaci\u00f3n, incluso nacionales, para solicitar el apoyo de la ciudadan\u00eda.&nbsp;<\/p>\n\n\n\n<p>Aunque han demandado a las autoridades cumplir con sus funciones y localizarla, no se han quedado con los brazos cruzado y, con el apoyo de algunas organizaciones, hay iniciado la b\u00fasqueda recorriendo la zona de \u201cEl Moralito\u201d, Cobao, El Basurero y el camino a Amatl\u00e1n.&nbsp; Aun as\u00ed, hasta este s\u00e1bado, no se sabe de su paradero.&nbsp;<\/p>\n\n\n\n<p>Finalmente, Mareli de 16 a\u00f1os de edad, lleva m\u00e1s de quince d\u00edas desaparecida, luego de ser vista por \u00faltima vez el pasado 18 de marzo, en la localidad de Bajos de Santo Domingo, perteneciente al municipio de Santo Domingo de Morelos.&nbsp;&nbsp;<\/p>\n\n\n\n<p>De acuerdo con ficha de b\u00fasqueda vest\u00eda playera color caf\u00e9, pantal\u00f3n de mezclilla y tenis color rojo.&nbsp;<\/p>\n\n\n\n<p>Tampoco han sido localizadas: Andrea, de 22 a\u00f1os de edad, desaparecida el 20 de marzo en Santa Mar\u00eda Colotepec; Laura Yesenia, de 19 a\u00f1os, vista por \u00faltima vez el 17 de marzo en San Juan Colorado, Jamiltepec; Virgen de la Cruz, de 83 a\u00f1os, desaparecida el 13 de marzo en Santo Domingo Tehuantepec; as\u00ed como Lizbeth, de 23 a\u00f1os, vista por \u00faltima vez el primero de marzo en Chalcatongo de Hidalgo, en compa\u00f1\u00eda de su hija de un a\u00f1o de edad.&nbsp;<\/p>\n","protected":false},"excerpt":{"rendered":"<p>Evlin Arag\u00f3n\/Zona Roja. Oaxaca de Ju\u00e1rez, Oax., 4 de abril de 2021.- Karen Michelle, Mar\u00eda&hellip;<\/p>\n","protected":false},"author":2,"featured_media":25537,"comment_status":"closed","ping_status":"open","sticky":false,"template":"","format":"standard","meta":{"_lmt_disableupdate":"","_lmt_disable":"","_jetpack_memberships_contains_paid_content":false,"footnotes":""},"categories":[109,47],"tags":[455],"class_list":["post-25536","post","type-post","status-publish","format-standard","has-post-thumbnail","hentry","category-minuto-a-minuto","category-zona-gris","tag-mujeres-desaparecidas-oaxaca"],"jetpack_featured_media_url":"https:\/\/zonaroja.com.mx\/wp-content\/uploads\/2021\/04\/Mujeres-desaparecidas-Oaxaca.jpg","jetpack_sharing_enabled":true,"_links":{"self":[{"href":"https:\/\/zonaroja.com.mx\/index.php?rest_route=\/wp\/v2\/posts\/25536","targetHints":{"allow":["GET"]}}],"collection":[{"href":"https:\/\/zonaroja.com.mx\/index.php?rest_route=\/wp\/v2\/posts"}],"about":[{"href":"https:\/\/zonaroja.com.mx\/index.php?rest_route=\/wp\/v2\/types\/post"}],"author":[{"embeddable":true,"href":"https:\/\/zonaroja.com.mx\/index.php?rest_route=\/wp\/v2\/users\/2"}],"replies":[{"embeddable":true,"href":"https:\/\/zonaroja.com.mx\/index.php?rest_route=%2Fwp%2Fv2%2Fcomments&post=25536"}],"version-history":[{"count":2,"href":"https:\/\/zonaroja.com.mx\/index.php?rest_route=\/wp\/v2\/posts\/25536\/revisions"}],"predecessor-version":[{"id":25544,"href":"https:\/\/zonaroja.com.mx\/index.php?rest_route=\/wp\/v2\/posts\/25536\/revisions\/25544"}],"wp:featuredmedia":[{"embeddable":true,"href":"https:\/\/zonaroja.com.mx\/index.php?rest_route=\/wp\/v2\/media\/25537"}],"wp:attachment":[{"href":"https:\/\/zonaroja.com.mx\/index.php?rest_route=%2Fwp%2Fv2%2Fmedia&parent=25536"}],"wp:term":[{"taxonomy":"category","embeddable":true,"href":"https:\/\/zonaroja.com.mx\/index.php?rest_route=%2Fwp%2Fv2%2Fcategories&post=25536"},{"taxonomy":"post_tag","embeddable":true,"href":"https:\/\/zonaroja.com.mx\/index.php?rest_route=%2Fwp%2Fv2%2Ftags&post=25536"}],"curies":[{"name":"wp","href":"https:\/\/api.w.org\/{rel}","templated":true}]}}