{"id":25546,"date":"2021-04-04T15:52:49","date_gmt":"2021-04-04T20:52:49","guid":{"rendered":"http:\/\/www.zonaroja.com.mx\/?p=25546"},"modified":"2021-04-04T15:52:54","modified_gmt":"2021-04-04T20:52:54","slug":"acepta-poder-judicial-demanda-de-amparo-contra-el-congreso-de-oaxaca","status":"publish","type":"post","link":"https:\/\/zonaroja.com.mx\/?p=25546","title":{"rendered":"Acepta Poder Judicial demanda de amparo contra el Congreso de Oaxaca"},"content":{"rendered":"\n<p>Evlin Arag\u00f3n\/Zona Roja.<\/p>\n\n\n\n<p>Oaxaca de Ju\u00e1rez, Oax., 5 de abril de 2021.- El abogado Daniel Barranco dio a conocer que cuatro juzgados del Poder Judicial del Estado de Oaxaca, admitieron la demanda de amparo en contra del Congreso local, promovida por omisi\u00f3n legislativa y presentada desde el pasado 10 de marzo.\u00a0<\/p>\n\n\n\n<p>Lo anterior tras la negativa de quienes integran la 64 Legislatura local de emitir un dictamen sobre la iniciativa ciudadana, presentada en septiembre pasado, que propone reducir en un 60 por ciento las prerrogativas a los partidos pol\u00edticos en Oaxaca.&nbsp;<\/p>\n\n\n\n<p>Explic\u00f3 que desde hace m\u00e1s de dos meses se venci\u00f3 el plazo del Congreso para dictaminar la iniciativa presentada, de ah\u00ed que celebr\u00f3 la admisi\u00f3n de la demanda, que se traduce en la solicitud de informe certificado, que tendr\u00e1n que enviar en un lapso no mayor de 15 d\u00edas, de lo que hicieron y no han hecho en torno a la iniciativa ciudadana presentada.&nbsp;&nbsp;<\/p>\n\n\n\n<p>\u201cYo s\u00e9 que todo mundo est\u00e1 entrampado en lo que son las candidaturas, pero lo que no se dan cuenta es lo que est\u00e1n dejando de hacer aquellos que dicen representarnos. La 64 Legislatura le qued\u00f3 a deber a Oaxaca una reforma donde reduce el 60 por ciento del financiamiento a los partidos pol\u00edticos\u201d, indic\u00f3 mediante un video que public\u00f3 en sus redes sociales.&nbsp;<\/p>\n\n\n\n<p>Insisti\u00f3 en que la reducci\u00f3n de prerrogativas incidir\u00eda directamente en un estado de democracia real, donde los partidos logren obtener los votos por convicci\u00f3n de las personas y no en consecuencia de quien o quienes inviertan m\u00e1s dinero a las campa\u00f1as.<\/p>\n\n\n\n<p>De ah\u00ed que asegur\u00f3 continuar\u00e1n con la lucha legal, aunque a muchos integrantes de su propio partido, Morena, no les parece lo que un grupo de j\u00f3venes est\u00e1 realizando en su af\u00e1n por democratizar al \u00f3rgano pol\u00edtica y hacer pol\u00edtica para la gente.<\/p>\n\n\n\n<p>\u201cVamos a continuar con la lucha y vamos a llegar al punto que los partidos pol\u00edticos reduzcan su financiamiento. A los de siempre, que no quieren que las cosas cambien, les decimos que seguimos vigentes y que vamos a dar la batalla porque son cosas que de verdad impacta a la sociedad oaxaque\u00f1a\u201d, manifest\u00f3.&nbsp;<\/p>\n\n\n\n<p>Fue el 21 de septiembre del 2020 que, integrantes del Movimiento Combate por la Democratizaci\u00f3n, anunciaron la iniciativa ciudadana que obliga a la reducci\u00f3n del financiamiento a los partidos pol\u00edticos, la cual consta de una reforma al art\u00edculo 25 de la Constituci\u00f3n Pol\u00edtica de Oaxaca para adicionar un segundo y tercer p\u00e1rrafo donde se modifique la formula con la cual se calculan las prerrogativas que se les entregan a los partidos pol\u00edticos.&nbsp;<\/p>\n\n\n\n<p>De acuerdo con los promoventes, existe la jurisprudencia necesaria para la batalla legal, a fin de que las y los diputados en Oaxaca bajen el financiamiento a los partidos, como ya sucedi\u00f3 en Jalisco.&nbsp;<\/p>\n\n\n\n<p>Actualmente, el proceso legal est\u00e1 respaldado por el equipo de Litigio Estrat\u00e9gico Ind\u00edgena A.C.<\/p>\n","protected":false},"excerpt":{"rendered":"<p>Evlin Arag\u00f3n\/Zona Roja. Oaxaca de Ju\u00e1rez, Oax., 5 de abril de 2021.- El abogado Daniel&hellip;<\/p>\n","protected":false},"author":2,"featured_media":20982,"comment_status":"closed","ping_status":"open","sticky":false,"template":"","format":"standard","meta":{"_lmt_disableupdate":"","_lmt_disable":"","_jetpack_memberships_contains_paid_content":false,"footnotes":""},"categories":[109,47],"tags":[213],"class_list":["post-25546","post","type-post","status-publish","format-standard","has-post-thumbnail","hentry","category-minuto-a-minuto","category-zona-gris","tag-64-legislatura-de-oaxaca"],"jetpack_featured_media_url":"https:\/\/zonaroja.com.mx\/wp-content\/uploads\/2020\/12\/Congreso-del-Estado-2.jpg","jetpack_sharing_enabled":true,"_links":{"self":[{"href":"https:\/\/zonaroja.com.mx\/index.php?rest_route=\/wp\/v2\/posts\/25546","targetHints":{"allow":["GET"]}}],"collection":[{"href":"https:\/\/zonaroja.com.mx\/index.php?rest_route=\/wp\/v2\/posts"}],"about":[{"href":"https:\/\/zonaroja.com.mx\/index.php?rest_route=\/wp\/v2\/types\/post"}],"author":[{"embeddable":true,"href":"https:\/\/zonaroja.com.mx\/index.php?rest_route=\/wp\/v2\/users\/2"}],"replies":[{"embeddable":true,"href":"https:\/\/zonaroja.com.mx\/index.php?rest_route=%2Fwp%2Fv2%2Fcomments&post=25546"}],"version-history":[{"count":1,"href":"https:\/\/zonaroja.com.mx\/index.php?rest_route=\/wp\/v2\/posts\/25546\/revisions"}],"predecessor-version":[{"id":25547,"href":"https:\/\/zonaroja.com.mx\/index.php?rest_route=\/wp\/v2\/posts\/25546\/revisions\/25547"}],"wp:featuredmedia":[{"embeddable":true,"href":"https:\/\/zonaroja.com.mx\/index.php?rest_route=\/wp\/v2\/media\/20982"}],"wp:attachment":[{"href":"https:\/\/zonaroja.com.mx\/index.php?rest_route=%2Fwp%2Fv2%2Fmedia&parent=25546"}],"wp:term":[{"taxonomy":"category","embeddable":true,"href":"https:\/\/zonaroja.com.mx\/index.php?rest_route=%2Fwp%2Fv2%2Fcategories&post=25546"},{"taxonomy":"post_tag","embeddable":true,"href":"https:\/\/zonaroja.com.mx\/index.php?rest_route=%2Fwp%2Fv2%2Ftags&post=25546"}],"curies":[{"name":"wp","href":"https:\/\/api.w.org\/{rel}","templated":true}]}}