{"id":25548,"date":"2021-04-04T18:33:01","date_gmt":"2021-04-04T23:33:01","guid":{"rendered":"http:\/\/www.zonaroja.com.mx\/?p=25548"},"modified":"2021-04-04T18:33:06","modified_gmt":"2021-04-04T23:33:06","slug":"nace-libro-colectivo-luces-y-sombras-de-la-pandemia-en-oaxaca","status":"publish","type":"post","link":"https:\/\/zonaroja.com.mx\/?p=25548","title":{"rendered":"Nace libro colectivo \u201cLuces y sombras de la pandemia en Oaxaca\u201d"},"content":{"rendered":"\n<p>Redacci\u00f3n\/Zona Roja.<\/p>\n\n\n\n<p>Oaxaca de Ju\u00e1rez, Oax., 4 de abril de 2021.- Escrito por acad\u00e9micos y periodistas oaxaque\u00f1os, \u201cLuces y Sombras de la pandemia en Oaxaca\u201d es un libro colectivo que aborda de manera cr\u00edtica la forma en que los habitantes de esta entidad del sur-sureste de M\u00e9xico han enfrentado la pandemia del Covid-19 y de las insuficientes y hasta fallidas respuestas gubernamentales para mitigarla.<\/p>\n\n\n\n<p>Coordinados por el soci\u00f3logo y periodista, Isidoro Yescas, 18 autores observan y analizan lo que ha pasado con la salud y educaci\u00f3n p\u00fablica, las familias, los pueblos ind\u00edgenas y con las v\u00edctimas de la pandemia covidiana, igual de letal a otras epidemias que esta entidad ha padecido a la largo de su historia, igual de angustiante e incierta como la que, despu\u00e9s de un a\u00f1o, todav\u00eda tiene en vilo a millones de mexicanos y mexicanas.<\/p>\n\n\n\n<p>Sobre la historia de las epidemias en M\u00e9xico y Oaxaca escriben V\u00edctor Ra\u00fal Mart\u00ednez V\u00e1squez, Luis Ignacio Vel\u00e1squez y N\u00e9stor S\u00e1nchez Islas.<\/p>\n\n\n\n<p>De los da\u00f1os en la salud y bienestar de la poblaci\u00f3n y las fallidas respuestas gubernamentales, as\u00ed como las perspectivas de desarrollo post-pandemia en el sur-sureste de M\u00e9xico se ocupan Isidoro Yescas, Rodolfo Navarro, Victor Ruiz Arrazola y Carlos Sorroza Polo.<\/p>\n\n\n\n<p>Por su parte, Samael Hern\u00e1ndez, Rogelio Vargas Garfias, Joel Vicente Cort\u00e9s, Olga Montes y Prometeo S\u00e1nchez Islas toman como objeto de estudio \u201cpand\u00e9mico\u201d la educaci\u00f3n b\u00e1sica y universitaria para hacer un repaso de sus impactos y de las reacciones de autoridades y l\u00edderes sindicales.<\/p>\n\n\n\n<p>Cipriano Miraflores y Gerardo Garfias Ruiz abordan el contexto social y las motivaciones que propiciaron el blindaje de los pueblos ind\u00edgenas y de pasar revista de algunos casos de contagio registrados en la Sierra Norte de Oaxaca, mientras que Octavio V\u00e9lez narra las experiencias de la Iglesia Cat\u00f3lica para enfrentar su propio viacrucis y Patricia Brise\u00f1o hace lo propio con los testimonios de algunas familias oaxaque\u00f1as que sobrevivieron al Covid-19.<\/p>\n\n\n\n<p>Ilustrado con im\u00e1genes del fotorreportero Emilio Morales, \u201cLuces y sombras de la pandemia en Oaxaca\u201d cierra con tres poemas pand\u00e9micos de la escritora y poeta Araceli Mancilla Zayas y un cuento corto de Rodrigo Vel\u00e1squez Torres.<\/p>\n\n\n\n<p>El libro estar\u00e1 accesible a todo el p\u00fablico sin costo alguno en dos versiones: ePub y PDF.<\/p>\n\n\n\n<p>Aqu\u00ed el enlace para descargarlo:<\/p>\n\n\n\n<figure class=\"wp-block-embed\"><div class=\"wp-block-embed__wrapper\">\nhttps:\/\/bit.ly\/3cy6xP9\n<\/div><\/figure>\n","protected":false},"excerpt":{"rendered":"<p>Redacci\u00f3n\/Zona Roja. Oaxaca de Ju\u00e1rez, Oax., 4 de abril de 2021.- Escrito por acad\u00e9micos y&hellip;<\/p>\n","protected":false},"author":2,"featured_media":25549,"comment_status":"closed","ping_status":"open","sticky":false,"template":"","format":"standard","meta":{"_lmt_disableupdate":"","_lmt_disable":"","_jetpack_memberships_contains_paid_content":false,"footnotes":""},"categories":[109,46],"tags":[2580],"class_list":["post-25548","post","type-post","status-publish","format-standard","has-post-thumbnail","hentry","category-minuto-a-minuto","category-zona-blanca","tag-luces-y-sombras-de-la-pandemia-en-oaxaca"],"jetpack_featured_media_url":"https:\/\/zonaroja.com.mx\/wp-content\/uploads\/2021\/04\/Luces-y-sombras-de-la-pandemia-en-Oaxaca.jpg","jetpack_sharing_enabled":true,"_links":{"self":[{"href":"https:\/\/zonaroja.com.mx\/index.php?rest_route=\/wp\/v2\/posts\/25548","targetHints":{"allow":["GET"]}}],"collection":[{"href":"https:\/\/zonaroja.com.mx\/index.php?rest_route=\/wp\/v2\/posts"}],"about":[{"href":"https:\/\/zonaroja.com.mx\/index.php?rest_route=\/wp\/v2\/types\/post"}],"author":[{"embeddable":true,"href":"https:\/\/zonaroja.com.mx\/index.php?rest_route=\/wp\/v2\/users\/2"}],"replies":[{"embeddable":true,"href":"https:\/\/zonaroja.com.mx\/index.php?rest_route=%2Fwp%2Fv2%2Fcomments&post=25548"}],"version-history":[{"count":1,"href":"https:\/\/zonaroja.com.mx\/index.php?rest_route=\/wp\/v2\/posts\/25548\/revisions"}],"predecessor-version":[{"id":25550,"href":"https:\/\/zonaroja.com.mx\/index.php?rest_route=\/wp\/v2\/posts\/25548\/revisions\/25550"}],"wp:featuredmedia":[{"embeddable":true,"href":"https:\/\/zonaroja.com.mx\/index.php?rest_route=\/wp\/v2\/media\/25549"}],"wp:attachment":[{"href":"https:\/\/zonaroja.com.mx\/index.php?rest_route=%2Fwp%2Fv2%2Fmedia&parent=25548"}],"wp:term":[{"taxonomy":"category","embeddable":true,"href":"https:\/\/zonaroja.com.mx\/index.php?rest_route=%2Fwp%2Fv2%2Fcategories&post=25548"},{"taxonomy":"post_tag","embeddable":true,"href":"https:\/\/zonaroja.com.mx\/index.php?rest_route=%2Fwp%2Fv2%2Ftags&post=25548"}],"curies":[{"name":"wp","href":"https:\/\/api.w.org\/{rel}","templated":true}]}}