{"id":25553,"date":"2021-04-04T20:26:42","date_gmt":"2021-04-05T01:26:42","guid":{"rendered":"http:\/\/www.zonaroja.com.mx\/?p=25553"},"modified":"2021-04-04T20:26:45","modified_gmt":"2021-04-05T01:26:45","slug":"fuera-de-control-incendios-en-san-miguel-del-puerto-llevan-seis-dias","status":"publish","type":"post","link":"https:\/\/zonaroja.com.mx\/?p=25553","title":{"rendered":"Fuera de control, incendios en San Miguel del Puerto; llevan seis d\u00edas"},"content":{"rendered":"\n<p>Redacci\u00f3n\/Zona Roja.<\/p>\n\n\n\n<p>Oaxaca de Ju\u00e1rez, Oax., 4 de abril de 2021.- Los incendios forestales se mantienen fuera de control por sexto d\u00eda en San Miguel del Puerto, municipio de la regi\u00f3n Costa y colindancia con Sierra Sur de Oaxaca, pese a los esfuerzos de comuneros y brigadistas.<\/p>\n\n\n\n<p>Las conflagraciones surgieron desde el martes en diversos frentes e incluso han puesto en riesgo la vida de quienes combaten el fuego.<\/p>\n\n\n\n<p>De acuerdo con la Comisi\u00f3n Estatal Forestal (Coesfo), hasta las 15:00 horas permanec\u00eda activo el incendio en un predio de la agencia de Santa Mar\u00eda Xadani, en el paraje \u201cCerro de la Virgen\u201d y en los l\u00edmites con el municipio de La Merced del Potrero, en los parajes \u201cEl Encinal\u201d y \u201cEl Mamey\u201d.<\/p>\n\n\n\n<p>Hasta este domingo, se registran 104 siniestros, que han da\u00f1ado nueve mil 207 hect\u00e1reas de bosques y pastizales, incluso en las cercan\u00edas con Santa Mar\u00eda Huatulco.<\/p>\n\n\n\n<p>En el caso de La Merced del Potrero, la comunidad se qued\u00f3 sin energ\u00eda el\u00e9ctrica y servicio telef\u00f3nico, porque el fuego alcanz\u00f3 postes y tendido el\u00e9ctrico, de acuerdo con el periodista coste\u00f1o Omar Gasga.<\/p>\n\n\n\n<p>Asimismo, quienes est\u00e1n ocupados y a cargo directamente en el incendio son los integrantes del Comisariado de Bienes Comunales, el Consejo de Vigilancia y la autoridad municipal de La Merced.<\/p>\n\n\n\n<p>Pese a las promesas del Gobierno del Estado, las aeronaves que estaban por llegar no arribaron porque avisaron que requieren darles un servicio de mantenimiento que llevar\u00e1 dos d\u00edas.<\/p>\n\n\n\n<p>Mientras tanto, se tiene que seguir trabajando por tierra, en coordinaci\u00f3n con la Coesfo, la Comisi\u00f3n Nacional Forestal y el Ej\u00e9rcito Mexicano; ayer se incorporaron \u00fanicamente cinco elementos de la Guardia Nacional, que son insuficientes.<\/p>\n\n\n\n<p>La Coesfo lament\u00f3 que los est\u00e1n dejando solos y que la comunidad de Santa Mar\u00eda Xadani no est\u00e9 apoyando para controlar la situaci\u00f3n.<\/p>\n","protected":false},"excerpt":{"rendered":"<p>Redacci\u00f3n\/Zona Roja. Oaxaca de Ju\u00e1rez, Oax., 4 de abril de 2021.- Los incendios forestales se&hellip;<\/p>\n","protected":false},"author":2,"featured_media":25554,"comment_status":"closed","ping_status":"open","sticky":false,"template":"","format":"standard","meta":{"_lmt_disableupdate":"","_lmt_disable":"","_jetpack_memberships_contains_paid_content":false,"footnotes":""},"categories":[109,47],"tags":[1256],"class_list":["post-25553","post","type-post","status-publish","format-standard","has-post-thumbnail","hentry","category-minuto-a-minuto","category-zona-gris","tag-incendios-forestales-oaxaca"],"jetpack_featured_media_url":"https:\/\/zonaroja.com.mx\/wp-content\/uploads\/2021\/04\/Incendios-forestales.jpg","jetpack_sharing_enabled":true,"_links":{"self":[{"href":"https:\/\/zonaroja.com.mx\/index.php?rest_route=\/wp\/v2\/posts\/25553","targetHints":{"allow":["GET"]}}],"collection":[{"href":"https:\/\/zonaroja.com.mx\/index.php?rest_route=\/wp\/v2\/posts"}],"about":[{"href":"https:\/\/zonaroja.com.mx\/index.php?rest_route=\/wp\/v2\/types\/post"}],"author":[{"embeddable":true,"href":"https:\/\/zonaroja.com.mx\/index.php?rest_route=\/wp\/v2\/users\/2"}],"replies":[{"embeddable":true,"href":"https:\/\/zonaroja.com.mx\/index.php?rest_route=%2Fwp%2Fv2%2Fcomments&post=25553"}],"version-history":[{"count":1,"href":"https:\/\/zonaroja.com.mx\/index.php?rest_route=\/wp\/v2\/posts\/25553\/revisions"}],"predecessor-version":[{"id":25555,"href":"https:\/\/zonaroja.com.mx\/index.php?rest_route=\/wp\/v2\/posts\/25553\/revisions\/25555"}],"wp:featuredmedia":[{"embeddable":true,"href":"https:\/\/zonaroja.com.mx\/index.php?rest_route=\/wp\/v2\/media\/25554"}],"wp:attachment":[{"href":"https:\/\/zonaroja.com.mx\/index.php?rest_route=%2Fwp%2Fv2%2Fmedia&parent=25553"}],"wp:term":[{"taxonomy":"category","embeddable":true,"href":"https:\/\/zonaroja.com.mx\/index.php?rest_route=%2Fwp%2Fv2%2Fcategories&post=25553"},{"taxonomy":"post_tag","embeddable":true,"href":"https:\/\/zonaroja.com.mx\/index.php?rest_route=%2Fwp%2Fv2%2Ftags&post=25553"}],"curies":[{"name":"wp","href":"https:\/\/api.w.org\/{rel}","templated":true}]}}